{"id":1297,"date":"2020-06-18T16:37:43","date_gmt":"2020-06-18T16:37:43","guid":{"rendered":"http:\/\/proyectosynco.com\/?p=1297"},"modified":"2020-06-22T16:37:20","modified_gmt":"2020-06-22T16:37:20","slug":"taller-el-terror-neoliberal","status":"publish","type":"post","link":"https:\/\/sonambula.com.ar\/synco\/?p=1297","title":{"rendered":"Taller \u00abEl terror neoliberal\u00bb"},"content":{"rendered":"\n<p><strong>Fecha de inicio<\/strong>: martes 7 de julio <br><strong>Duraci\u00f3n<\/strong>: Ocho encuentros   <br><strong>Frecuencia<\/strong>: Dos horas por semana <br><strong>D\u00eda y horario<\/strong>: Martes de 19 a 21<br><strong>Forma de asistencia<\/strong>: plataforma tipo Zoom<br><strong>Precio<\/strong>: 3000 pesos (a pagar en dos veces) <br><strong>Coordina<\/strong>: Juan Mattio<\/p>\n\n\n\n<p>Muchxs de nosotrxs pasamos nuestras infancias y adolescencias en los a\u00f1os crudos del neoliberalismo sobreviviendo a base de planes de evasi\u00f3n. Las pel\u00edculas y la literatura de terror \u2013como el policial o la ciencia ficci\u00f3n- fueron materiales claves para esa forma de supervivencia. El arraigo de esa cultura pop en nuestra memoria hace posible el \u00e9xito de series como Stranger Things. Pero este taller no quiere ser un espacio de la evocaci\u00f3n melanc\u00f3lica sino de la reflexi\u00f3n pol\u00edtica. Volver a ver y leer esas visiones con las que crecimos y que nos educaron sentimentalmente pero ahora para preguntarnos si existe una sensaci\u00f3n particular que podr\u00edamos llamar \u201cterror neoliberal\u201d. <\/p>\n\n\n\n<p>O, para decirlo de otro modo, qu\u00e9 tipo de sensibilidad\nse origin\u00f3 en el sistema pol\u00edtica y econ\u00f3mico llamado neoliberalismo y de qu\u00e9\nforma impregn\u00f3 la cultura de masas con su tristeza y su l\u00f3gica. Por eso el\nrecorte hist\u00f3rico para elegir los relatos y pel\u00edculas de este taller va desde\n1973, cuando Pinochet derroca a Salvador Allende e instala el primer\nlaboratorio de pol\u00edtica neoliberal en Chile, hasta los primeros a\u00f1os del siglo\nxxi. <\/p>\n\n\n\n<p>El ascenso de Reagean y Thatcher, la filosof\u00eda\necon\u00f3mica de los Chicago Boys, las dictaduras militares en Latinoam\u00e9rica, las\nagresiones a la clase trabajadora, las guerras imperialistas. Los eventos\nhist\u00f3ricos son reconocibles pero nos interesa preguntarnos si pueden aparecer\nnuevos sentidos bajo la luz de la cultura pulp.&nbsp;\nComo dice Robin Wood, \u201cLa vieja tendencia a descartar el cine de\nHollywood como escapista siempre defini\u00f3 el escape negativamente como un escape\ndesde, pero l\u00f3gicamente tambi\u00e9n se debe escapar hacia\u201d. La ideolog\u00eda com\u00fan del\np\u00fablico o la audiencia hace posible el sue\u00f1o compartido del cine y \u201cse hace\nf\u00e1cil, si se concede esto, ofrecer una definici\u00f3n simple de las pel\u00edculas de\nterror: son nuestras pesadillas colectivas.\u201d<\/p>\n\n\n\n<p>Lo cierto es que grandes autorxs y directorxs del\ng\u00e9nero de terror han escrito o filmado bajo las condiciones culturales del\nneoliberalismo. Su \u00e9xito comercial no merece comprobaci\u00f3n, pero su inter\u00e9s\npol\u00edtico es un territorio a explorar. <\/p>\n\n\n\n<p>Norbert Elias afirma en La soledad de los moribundos que \u201cen la Edad Media se hablaba con m\u00e1s frecuencia y m\u00e1s abiertamente de la muerte y del morir de lo que se hace en la actualidad. As\u00ed lo demuestra la literatura popular de la \u00e9poca. En muchas poes\u00edas aparecen muertos, o la Muerte en persona\u00bb. Sin embargo, el \u00e9xito y la persistencia de pel\u00edculas como Night of the living dead o The Texas Chain Saw Massacre o novelas como Crash o It, parece poner en problemas la tesis de Elias. Tal vez la dificultad sea que los productos de la cultura de masas no suelen considerarse como portadores de reflexi\u00f3n. Pero si ubicamos el cine y la literatura de terror en una posici\u00f3n similar a la que Elias indica para la literatura popular de la Edad Media, tal vez encontremos que figuras como el vampiro, el zombi, el fantasma o el asesino serial, cargan con multitud de ideas en torno a la muerte y su imaginario social. Y no solo, tambi\u00e9n sobre la sexualidad, la violencia, los cuerpos aberrantes y el desarrollo tecnol\u00f3gico como nueva fuente de horrores.&nbsp; <\/p>\n\n\n\n<div class=\"wp-block-image\"><figure class=\"aligncenter size-large\"><img decoding=\"async\" loading=\"lazy\" width=\"584\" height=\"317\" src=\"http:\/\/proyectosynco.com\/wp-content\/uploads\/2020\/06\/dawn_of_the_dead.jpg\" alt=\"\" class=\"wp-image-1310\" srcset=\"https:\/\/sonambula.com.ar\/synco\/wp-content\/uploads\/2020\/06\/dawn_of_the_dead.jpg 584w, https:\/\/sonambula.com.ar\/synco\/wp-content\/uploads\/2020\/06\/dawn_of_the_dead-300x163.jpg 300w\" sizes=\"(max-width: 584px) 100vw, 584px\" \/><\/figure><\/div>\n\n\n\n<p><em>Programa de lecturas<\/em><\/p>\n\n\n\n<p><strong>1-  Los a\u00f1os previos<\/strong><br> Pel\u00edcula: Psycho de Alfred Hitchcock (1960)<br> Relatos: Los p\u00e1jaros de Daphne Du Maurier (1954) \/\/ La loter\u00eda de Shirley Jackson (1948)<\/p>\n\n\n\n<p><strong>2- El peque\u00f1o pueblo, nido del horror (el nacimiento del cine slasher)<br><\/strong> Pel\u00edcula: The Texas Chainsaw Massacre de Tobe Hooper- 1974<br> Relato: Los ni\u00f1os del ma\u00edz de Stephen King &#8211; 1977<\/p>\n\n\n\n<p><strong>3- Las masas zombis <br><\/strong> Pel\u00edcula: Dawn of the Dead de George Romero- 1978<br> Relato: El desastre a\u00e9reo de J.G. Ballard &#8211; 1975<\/p>\n\n\n\n<p><strong>4- El horror corporal<br><\/strong> Pel\u00edcula: Crash de David Cronenberg- 1996<br> Relato: Restos humanos de Clive Barker &#8211; 1984<\/p>\n\n\n\n<p><strong>5-Tecno-terror<br><\/strong> Pel\u00edcula: Poltergeist de Tobe Hooper- 1982<br> Relato: Ini, mini, ipsatini de Pat Cadigan &#8211; 1983<\/p>\n\n\n\n<p><strong>6- Vampiros glam y posesiones <br><\/strong> Pel\u00edcula: The Hunger de Tony Scott &#8211; 1983<br> Comic: Hellblazer N\u00b0 71 gui\u00f3n de Garth Ennis-  1993 <\/p>\n\n\n\n<p><strong>7- El horror espacial y los \u00faltimos ecos del Este<br><\/strong> Pel\u00edcula: Alien, resurrecci\u00f3n de Jean-Pierre Jeunet &#8211; 1997<br> Relato: El este de M. John Harrison &#8211; 2000<\/p>\n\n\n\n<p><strong>8- Terror fuera de EEUU: los fantasmas de la red y la postdictaduras en Latinoam\u00e9rica<br><\/strong> Pel\u00edcula: Kairo de Kiyoshi Kurosawa &#8211; 2001<br> Relato: Matar un perro de Samanta Schweblin (2001)<\/p>\n\n\n\n<p><strong>Bibliograf\u00eda que vamos a visitar durante el taller:<\/strong><\/p>\n\n\n\n<ul><li>Filosof\u00eda zombi de Jorge Fern\u00e1ndez Gonzalo<\/li><li>Breve historia del neoliberalismo de David Harvey<\/li><li>The dread of difference: Gender and the horror film (ensayos de varixs autorxs)<\/li><li>Skim Shows: Gothic horror and the technology of monsters de Jack Hallberstam<\/li><li>The American Nightmare &#8211; Robin Wood<\/li><\/ul>\n\n\n\n<p><\/p>\n","protected":false},"excerpt":{"rendered":"<div class=\"mh-excerpt\"><p>Fecha de inicio: martes 7 de julio Duraci\u00f3n: Ocho encuentros Frecuencia: Dos horas por semana D\u00eda y horario: Martes de 19 a 21Forma de asistencia: plataforma tipo ZoomPrecio: 3000 pesos (a pagar en dos veces) <a class=\"mh-excerpt-more\" href=\"https:\/\/sonambula.com.ar\/synco\/?p=1297\" title=\"Taller \u00abEl terror neoliberal\u00bb\">[&#8230;]<\/a><\/p>\n<\/div>","protected":false},"author":1,"featured_media":1308,"comment_status":"closed","ping_status":"open","sticky":false,"template":"","format":"standard","meta":[],"categories":[4],"tags":[],"yoast_head":"<!-- This site is optimized with the Yoast SEO plugin v17.4 - https:\/\/yoast.com\/wordpress\/plugins\/seo\/ -->\n<title>Taller &quot;El terror neoliberal&quot; - Proyecto Synco<\/title>\n<meta name=\"robots\" content=\"index, follow, max-snippet:-1, max-image-preview:large, max-video-preview:-1\" \/>\n<link rel=\"canonical\" href=\"https:\/\/sonambula.com.ar\/synco\/?p=1297\" \/>\n<meta property=\"og:locale\" content=\"es_ES\" \/>\n<meta property=\"og:type\" content=\"article\" \/>\n<meta property=\"og:title\" content=\"Taller &quot;El terror neoliberal&quot; - Proyecto Synco\" \/>\n<meta property=\"og:description\" content=\"Fecha de inicio: martes 7 de julio Duraci\u00f3n: Ocho encuentros Frecuencia: Dos horas por semana D\u00eda y horario: Martes de 19 a 21Forma de asistencia: plataforma tipo ZoomPrecio: 3000 pesos (a pagar en dos veces) [...]\" \/>\n<meta property=\"og:url\" content=\"https:\/\/sonambula.com.ar\/synco\/?p=1297\" \/>\n<meta property=\"og:site_name\" content=\"Proyecto Synco\" \/>\n<meta property=\"article:published_time\" content=\"2020-06-18T16:37:43+00:00\" \/>\n<meta property=\"article:modified_time\" content=\"2020-06-22T16:37:20+00:00\" \/>\n<meta property=\"og:image\" content=\"https:\/\/sonambula.com.ar\/synco\/wp-content\/uploads\/2020\/06\/Prime-Minister-Margaret-Thatcher.jpg\" \/>\n\t<meta property=\"og:image:width\" content=\"615\" \/>\n\t<meta property=\"og:image:height\" content=\"410\" \/>\n<meta name=\"twitter:card\" content=\"summary_large_image\" \/>\n<meta name=\"twitter:label1\" content=\"Escrito por\" \/>\n\t<meta name=\"twitter:data1\" content=\"Synco\" \/>\n\t<meta name=\"twitter:label2\" content=\"Tiempo de lectura\" \/>\n\t<meta name=\"twitter:data2\" content=\"4 minutos\" \/>\n<script type=\"application\/ld+json\" class=\"yoast-schema-graph\">{\"@context\":\"https:\/\/schema.org\",\"@graph\":[{\"@type\":\"WebSite\",\"@id\":\"https:\/\/sonambula.com.ar\/synco\/#website\",\"url\":\"https:\/\/sonambula.com.ar\/synco\/\",\"name\":\"Proyecto Synco\",\"description\":\"Observatorio de ciencia ficci\\u00f3n, tecnolog\\u00eda y futuros\",\"potentialAction\":[{\"@type\":\"SearchAction\",\"target\":{\"@type\":\"EntryPoint\",\"urlTemplate\":\"https:\/\/sonambula.com.ar\/synco\/?s={search_term_string}\"},\"query-input\":\"required name=search_term_string\"}],\"inLanguage\":\"es\"},{\"@type\":\"ImageObject\",\"@id\":\"https:\/\/sonambula.com.ar\/synco\/?p=1297#primaryimage\",\"inLanguage\":\"es\",\"url\":\"https:\/\/sonambula.com.ar\/synco\/wp-content\/uploads\/2020\/06\/Prime-Minister-Margaret-Thatcher.jpg\",\"contentUrl\":\"https:\/\/sonambula.com.ar\/synco\/wp-content\/uploads\/2020\/06\/Prime-Minister-Margaret-Thatcher.jpg\",\"width\":615,\"height\":410},{\"@type\":\"WebPage\",\"@id\":\"https:\/\/sonambula.com.ar\/synco\/?p=1297#webpage\",\"url\":\"https:\/\/sonambula.com.ar\/synco\/?p=1297\",\"name\":\"Taller \\\"El terror neoliberal\\\" - Proyecto Synco\",\"isPartOf\":{\"@id\":\"https:\/\/sonambula.com.ar\/synco\/#website\"},\"primaryImageOfPage\":{\"@id\":\"https:\/\/sonambula.com.ar\/synco\/?p=1297#primaryimage\"},\"datePublished\":\"2020-06-18T16:37:43+00:00\",\"dateModified\":\"2020-06-22T16:37:20+00:00\",\"author\":{\"@id\":\"https:\/\/sonambula.com.ar\/synco\/#\/schema\/person\/b433eadf728c36224fee48b67d3ca4ed\"},\"breadcrumb\":{\"@id\":\"https:\/\/sonambula.com.ar\/synco\/?p=1297#breadcrumb\"},\"inLanguage\":\"es\",\"potentialAction\":[{\"@type\":\"ReadAction\",\"target\":[\"https:\/\/sonambula.com.ar\/synco\/?p=1297\"]}]},{\"@type\":\"BreadcrumbList\",\"@id\":\"https:\/\/sonambula.com.ar\/synco\/?p=1297#breadcrumb\",\"itemListElement\":[{\"@type\":\"ListItem\",\"position\":1,\"name\":\"Portada\",\"item\":\"https:\/\/sonambula.com.ar\/synco\/\"},{\"@type\":\"ListItem\",\"position\":2,\"name\":\"Taller \\u00abEl terror neoliberal\\u00bb\"}]},{\"@type\":\"Person\",\"@id\":\"https:\/\/sonambula.com.ar\/synco\/#\/schema\/person\/b433eadf728c36224fee48b67d3ca4ed\",\"name\":\"Synco\",\"image\":{\"@type\":\"ImageObject\",\"@id\":\"https:\/\/sonambula.com.ar\/synco\/#personlogo\",\"inLanguage\":\"es\",\"url\":\"https:\/\/secure.gravatar.com\/avatar\/417982e64e8517c66f546625d675f2b6?s=96&d=mm&r=g\",\"contentUrl\":\"https:\/\/secure.gravatar.com\/avatar\/417982e64e8517c66f546625d675f2b6?s=96&d=mm&r=g\",\"caption\":\"Synco\"},\"url\":\"https:\/\/sonambula.com.ar\/synco\/?author=1\"}]}<\/script>\n<!-- \/ Yoast SEO plugin. -->","yoast_head_json":{"title":"Taller \"El terror neoliberal\" - Proyecto Synco","robots":{"index":"index","follow":"follow","max-snippet":"max-snippet:-1","max-image-preview":"max-image-preview:large","max-video-preview":"max-video-preview:-1"},"canonical":"https:\/\/sonambula.com.ar\/synco\/?p=1297","og_locale":"es_ES","og_type":"article","og_title":"Taller \"El terror neoliberal\" - Proyecto Synco","og_description":"Fecha de inicio: martes 7 de julio Duraci\u00f3n: Ocho encuentros Frecuencia: Dos horas por semana D\u00eda y horario: Martes de 19 a 21Forma de asistencia: plataforma tipo ZoomPrecio: 3000 pesos (a pagar en dos veces) [...]","og_url":"https:\/\/sonambula.com.ar\/synco\/?p=1297","og_site_name":"Proyecto Synco","article_published_time":"2020-06-18T16:37:43+00:00","article_modified_time":"2020-06-22T16:37:20+00:00","og_image":[{"width":615,"height":410,"url":"https:\/\/sonambula.com.ar\/synco\/wp-content\/uploads\/2020\/06\/Prime-Minister-Margaret-Thatcher.jpg","type":"image\/jpeg"}],"twitter_card":"summary_large_image","twitter_misc":{"Escrito por":"Synco","Tiempo de lectura":"4 minutos"},"schema":{"@context":"https:\/\/schema.org","@graph":[{"@type":"WebSite","@id":"https:\/\/sonambula.com.ar\/synco\/#website","url":"https:\/\/sonambula.com.ar\/synco\/","name":"Proyecto Synco","description":"Observatorio de ciencia ficci\u00f3n, tecnolog\u00eda y futuros","potentialAction":[{"@type":"SearchAction","target":{"@type":"EntryPoint","urlTemplate":"https:\/\/sonambula.com.ar\/synco\/?s={search_term_string}"},"query-input":"required name=search_term_string"}],"inLanguage":"es"},{"@type":"ImageObject","@id":"https:\/\/sonambula.com.ar\/synco\/?p=1297#primaryimage","inLanguage":"es","url":"https:\/\/sonambula.com.ar\/synco\/wp-content\/uploads\/2020\/06\/Prime-Minister-Margaret-Thatcher.jpg","contentUrl":"https:\/\/sonambula.com.ar\/synco\/wp-content\/uploads\/2020\/06\/Prime-Minister-Margaret-Thatcher.jpg","width":615,"height":410},{"@type":"WebPage","@id":"https:\/\/sonambula.com.ar\/synco\/?p=1297#webpage","url":"https:\/\/sonambula.com.ar\/synco\/?p=1297","name":"Taller \"El terror neoliberal\" - Proyecto Synco","isPartOf":{"@id":"https:\/\/sonambula.com.ar\/synco\/#website"},"primaryImageOfPage":{"@id":"https:\/\/sonambula.com.ar\/synco\/?p=1297#primaryimage"},"datePublished":"2020-06-18T16:37:43+00:00","dateModified":"2020-06-22T16:37:20+00:00","author":{"@id":"https:\/\/sonambula.com.ar\/synco\/#\/schema\/person\/b433eadf728c36224fee48b67d3ca4ed"},"breadcrumb":{"@id":"https:\/\/sonambula.com.ar\/synco\/?p=1297#breadcrumb"},"inLanguage":"es","potentialAction":[{"@type":"ReadAction","target":["https:\/\/sonambula.com.ar\/synco\/?p=1297"]}]},{"@type":"BreadcrumbList","@id":"https:\/\/sonambula.com.ar\/synco\/?p=1297#breadcrumb","itemListElement":[{"@type":"ListItem","position":1,"name":"Portada","item":"https:\/\/sonambula.com.ar\/synco\/"},{"@type":"ListItem","position":2,"name":"Taller \u00abEl terror neoliberal\u00bb"}]},{"@type":"Person","@id":"https:\/\/sonambula.com.ar\/synco\/#\/schema\/person\/b433eadf728c36224fee48b67d3ca4ed","name":"Synco","image":{"@type":"ImageObject","@id":"https:\/\/sonambula.com.ar\/synco\/#personlogo","inLanguage":"es","url":"https:\/\/secure.gravatar.com\/avatar\/417982e64e8517c66f546625d675f2b6?s=96&d=mm&r=g","contentUrl":"https:\/\/secure.gravatar.com\/avatar\/417982e64e8517c66f546625d675f2b6?s=96&d=mm&r=g","caption":"Synco"},"url":"https:\/\/sonambula.com.ar\/synco\/?author=1"}]}},"_links":{"self":[{"href":"https:\/\/sonambula.com.ar\/synco\/index.php?rest_route=\/wp\/v2\/posts\/1297"}],"collection":[{"href":"https:\/\/sonambula.com.ar\/synco\/index.php?rest_route=\/wp\/v2\/posts"}],"about":[{"href":"https:\/\/sonambula.com.ar\/synco\/index.php?rest_route=\/wp\/v2\/types\/post"}],"author":[{"embeddable":true,"href":"https:\/\/sonambula.com.ar\/synco\/index.php?rest_route=\/wp\/v2\/users\/1"}],"replies":[{"embeddable":true,"href":"https:\/\/sonambula.com.ar\/synco\/index.php?rest_route=%2Fwp%2Fv2%2Fcomments&post=1297"}],"version-history":[{"count":6,"href":"https:\/\/sonambula.com.ar\/synco\/index.php?rest_route=\/wp\/v2\/posts\/1297\/revisions"}],"predecessor-version":[{"id":1320,"href":"https:\/\/sonambula.com.ar\/synco\/index.php?rest_route=\/wp\/v2\/posts\/1297\/revisions\/1320"}],"wp:featuredmedia":[{"embeddable":true,"href":"https:\/\/sonambula.com.ar\/synco\/index.php?rest_route=\/wp\/v2\/media\/1308"}],"wp:attachment":[{"href":"https:\/\/sonambula.com.ar\/synco\/index.php?rest_route=%2Fwp%2Fv2%2Fmedia&parent=1297"}],"wp:term":[{"taxonomy":"category","embeddable":true,"href":"https:\/\/sonambula.com.ar\/synco\/index.php?rest_route=%2Fwp%2Fv2%2Fcategories&post=1297"},{"taxonomy":"post_tag","embeddable":true,"href":"https:\/\/sonambula.com.ar\/synco\/index.php?rest_route=%2Fwp%2Fv2%2Ftags&post=1297"}],"curies":[{"name":"wp","href":"https:\/\/api.w.org\/{rel}","templated":true}]}}