{"id":158,"date":"2019-04-08T18:54:23","date_gmt":"2019-04-08T18:54:23","guid":{"rendered":"http:\/\/proyectosynco.com\/?p=158"},"modified":"2019-05-09T02:02:35","modified_gmt":"2019-05-09T02:02:35","slug":"futuros","status":"publish","type":"post","link":"https:\/\/sonambula.com.ar\/synco\/?p=158","title":{"rendered":"Futuros"},"content":{"rendered":"\n<div class=\"wp-block-image\"><figure class=\"alignright\"><a href=\"https:\/\/www.infobae.com\/america\/cultura-america\/2019\/03\/02\/sonar-el-futuro-philip-k-dick-arquitecto-de-la-distopia-que-ya-empezamos-a-vivir\/\" target=\"_blank\" rel=\"noreferrer noopener\"><img decoding=\"async\" loading=\"lazy\" width=\"290\" height=\"174\" src=\"http:\/\/proyectosynco.com\/wp-content\/uploads\/2019\/05\/dick.jpg\" alt=\"\" class=\"wp-image-177\"\/><\/a><\/figure><\/div>\n\n\n\n<h2><a href=\"https:\/\/www.infobae.com\/america\/cultura-america\/2019\/03\/02\/sonar-el-futuro-philip-k-dick-arquitecto-de-la-distopia-que-ya-empezamos-a-vivir\/\" target=\"_blank\" rel=\"noreferrer noopener\" aria-label=\"So\u00f1ar el futuro: Philip K. Dick, arquitecto de la distop\u00eda que ya empezamos a vivir  (abre en una nueva pesta\u00f1a)\">So\u00f1ar el futuro: Philip K. Dick, arquitecto de la distop\u00eda que ya empezamos a vivir <\/a><\/h2>\n\n\n\n<p>Juan Mattio interviene en el debate sobre distop\u00eda y futuros en el imaginario de Philip K. Dick para el diario Infobae<\/p>\n\n\n\n<div style=\"height:20px\" aria-hidden=\"true\" class=\"wp-block-spacer\"><\/div>\n\n\n\n<div class=\"wp-block-image\"><figure class=\"alignright is-resized\"><a href=\"https:\/\/sonambula.com.ar\/nosotros-los-rojos\/\" target=\"_blank\" rel=\"noreferrer noopener\"><img decoding=\"async\" loading=\"lazy\" src=\"http:\/\/proyectosynco.com\/wp-content\/uploads\/2019\/05\/Zamyatin.jpg\" alt=\"\" class=\"wp-image-176\" width=\"308\" height=\"186\" srcset=\"https:\/\/sonambula.com.ar\/synco\/wp-content\/uploads\/2019\/05\/Zamyatin.jpg 1000w, https:\/\/sonambula.com.ar\/synco\/wp-content\/uploads\/2019\/05\/Zamyatin-300x182.jpg 300w, https:\/\/sonambula.com.ar\/synco\/wp-content\/uploads\/2019\/05\/Zamyatin-768x466.jpg 768w\" sizes=\"(max-width: 308px) 100vw, 308px\" \/><\/a><\/figure><\/div>\n\n\n\n<h2><a href=\"https:\/\/sonambula.com.ar\/nosotros-los-rojos\/\" target=\"_blank\" rel=\"noreferrer noopener\" aria-label=\"Nosotros, los rojos  (abre en una nueva pesta\u00f1a)\">Nosotros, los rojos <\/a><\/h2>\n\n\n\n<p>Pedro Perucca reconstruye la historia de&nbsp;<strong>Nosotros<\/strong>, la antiutop\u00eda de Evgeny Zamiatin que funda en 1921 un g\u00e9nero literario al tiempo que lo condena a la excomuni\u00f3n bolchevique. Art\u00edculo publicado en la revista <em>Son\u00e1mbula<\/em>.<\/p>\n\n\n\n<div style=\"height:20px\" aria-hidden=\"true\" class=\"wp-block-spacer\"><\/div>\n\n\n\n<div class=\"wp-block-image\"><figure class=\"alignright is-resized\"><a href=\"http:\/\/intersecciones.com.ar\/index.php\/articulos\/158-lo-siniestro-y-la-utopia-para-un-posthumanismo-de-izquierdas\" target=\"_blank\" rel=\"noreferrer noopener\"><img decoding=\"async\" loading=\"lazy\" src=\"http:\/\/proyectosynco.com\/wp-content\/uploads\/2019\/05\/posth-1024x816.jpg\" alt=\"\" class=\"wp-image-178\" width=\"317\" height=\"252\" srcset=\"https:\/\/sonambula.com.ar\/synco\/wp-content\/uploads\/2019\/05\/posth-1024x816.jpg 1024w, https:\/\/sonambula.com.ar\/synco\/wp-content\/uploads\/2019\/05\/posth-300x239.jpg 300w, https:\/\/sonambula.com.ar\/synco\/wp-content\/uploads\/2019\/05\/posth-768x612.jpg 768w, https:\/\/sonambula.com.ar\/synco\/wp-content\/uploads\/2019\/05\/posth.jpg 1080w\" sizes=\"(max-width: 317px) 100vw, 317px\" \/><\/a><\/figure><\/div>\n\n\n\n<h2><a href=\"http:\/\/intersecciones.com.ar\/index.php\/articulos\/158-lo-siniestro-y-la-utopia-para-un-posthumanismo-de-izquierdas\" target=\"_blank\" rel=\"noreferrer noopener\" aria-label=\"Lo siniestro y la utop\u00eda. Para un posthumanismo de izquierdas  (abre en una nueva pesta\u00f1a)\">Lo siniestro y la utop\u00eda. Para un posthumanismo de izquierdas <\/a><\/h2>\n\n\n\n<p>Facundo Nahuel Mart\u00edn plantea algunas hip\u00f3tesis sobre un futuro posthumano: m\u00e1quinas, obsolescencia  de la especie y qu\u00e9 hay despu\u00e9s del capitalismo. <\/p>\n","protected":false},"excerpt":{"rendered":"<div class=\"mh-excerpt\"><p>So\u00f1ar el futuro: Philip K. Dick, arquitecto de la distop\u00eda que ya empezamos a vivir Juan Mattio interviene en el debate sobre distop\u00eda y futuros en el imaginario de Philip K. Dick para el diario <a class=\"mh-excerpt-more\" href=\"https:\/\/sonambula.com.ar\/synco\/?p=158\" title=\"Futuros\">[&#8230;]<\/a><\/p>\n<\/div>","protected":false},"author":1,"featured_media":0,"comment_status":"closed","ping_status":"open","sticky":false,"template":"","format":"standard","meta":[],"categories":[13,11],"tags":[],"yoast_head":"<!-- This site is optimized with the Yoast SEO plugin v17.4 - https:\/\/yoast.com\/wordpress\/plugins\/seo\/ -->\n<title>Futuros - Proyecto Synco<\/title>\n<meta name=\"robots\" content=\"index, follow, max-snippet:-1, max-image-preview:large, max-video-preview:-1\" \/>\n<link rel=\"canonical\" href=\"https:\/\/sonambula.com.ar\/synco\/?p=158\" \/>\n<meta property=\"og:locale\" content=\"es_ES\" \/>\n<meta property=\"og:type\" content=\"article\" \/>\n<meta property=\"og:title\" content=\"Futuros - Proyecto Synco\" \/>\n<meta property=\"og:description\" content=\"So\u00f1ar el futuro: Philip K. Dick, arquitecto de la distop\u00eda que ya empezamos a vivir Juan Mattio interviene en el debate sobre distop\u00eda y futuros en el imaginario de Philip K. Dick para el diario [...]\" \/>\n<meta property=\"og:url\" content=\"https:\/\/sonambula.com.ar\/synco\/?p=158\" \/>\n<meta property=\"og:site_name\" content=\"Proyecto Synco\" \/>\n<meta property=\"article:published_time\" content=\"2019-04-08T18:54:23+00:00\" \/>\n<meta property=\"article:modified_time\" content=\"2019-05-09T02:02:35+00:00\" \/>\n<meta property=\"og:image\" content=\"http:\/\/proyectosynco.com\/wp-content\/uploads\/2019\/05\/dick.jpg\" \/>\n<meta name=\"twitter:card\" content=\"summary_large_image\" \/>\n<meta name=\"twitter:label1\" content=\"Escrito por\" \/>\n\t<meta name=\"twitter:data1\" content=\"Synco\" \/>\n\t<meta name=\"twitter:label2\" content=\"Tiempo de lectura\" \/>\n\t<meta name=\"twitter:data2\" content=\"1 minuto\" \/>\n<script type=\"application\/ld+json\" class=\"yoast-schema-graph\">{\"@context\":\"https:\/\/schema.org\",\"@graph\":[{\"@type\":\"WebSite\",\"@id\":\"https:\/\/sonambula.com.ar\/synco\/#website\",\"url\":\"https:\/\/sonambula.com.ar\/synco\/\",\"name\":\"Proyecto Synco\",\"description\":\"Observatorio de ciencia ficci\\u00f3n, tecnolog\\u00eda y futuros\",\"potentialAction\":[{\"@type\":\"SearchAction\",\"target\":{\"@type\":\"EntryPoint\",\"urlTemplate\":\"https:\/\/sonambula.com.ar\/synco\/?s={search_term_string}\"},\"query-input\":\"required name=search_term_string\"}],\"inLanguage\":\"es\"},{\"@type\":\"ImageObject\",\"@id\":\"https:\/\/sonambula.com.ar\/synco\/?p=158#primaryimage\",\"inLanguage\":\"es\",\"url\":\"http:\/\/proyectosynco.com\/wp-content\/uploads\/2019\/05\/dick.jpg\",\"contentUrl\":\"http:\/\/proyectosynco.com\/wp-content\/uploads\/2019\/05\/dick.jpg\"},{\"@type\":\"WebPage\",\"@id\":\"https:\/\/sonambula.com.ar\/synco\/?p=158#webpage\",\"url\":\"https:\/\/sonambula.com.ar\/synco\/?p=158\",\"name\":\"Futuros - Proyecto Synco\",\"isPartOf\":{\"@id\":\"https:\/\/sonambula.com.ar\/synco\/#website\"},\"primaryImageOfPage\":{\"@id\":\"https:\/\/sonambula.com.ar\/synco\/?p=158#primaryimage\"},\"datePublished\":\"2019-04-08T18:54:23+00:00\",\"dateModified\":\"2019-05-09T02:02:35+00:00\",\"author\":{\"@id\":\"https:\/\/sonambula.com.ar\/synco\/#\/schema\/person\/b433eadf728c36224fee48b67d3ca4ed\"},\"breadcrumb\":{\"@id\":\"https:\/\/sonambula.com.ar\/synco\/?p=158#breadcrumb\"},\"inLanguage\":\"es\",\"potentialAction\":[{\"@type\":\"ReadAction\",\"target\":[\"https:\/\/sonambula.com.ar\/synco\/?p=158\"]}]},{\"@type\":\"BreadcrumbList\",\"@id\":\"https:\/\/sonambula.com.ar\/synco\/?p=158#breadcrumb\",\"itemListElement\":[{\"@type\":\"ListItem\",\"position\":1,\"name\":\"Portada\",\"item\":\"https:\/\/sonambula.com.ar\/synco\/\"},{\"@type\":\"ListItem\",\"position\":2,\"name\":\"Futuros\"}]},{\"@type\":\"Person\",\"@id\":\"https:\/\/sonambula.com.ar\/synco\/#\/schema\/person\/b433eadf728c36224fee48b67d3ca4ed\",\"name\":\"Synco\",\"image\":{\"@type\":\"ImageObject\",\"@id\":\"https:\/\/sonambula.com.ar\/synco\/#personlogo\",\"inLanguage\":\"es\",\"url\":\"https:\/\/secure.gravatar.com\/avatar\/417982e64e8517c66f546625d675f2b6?s=96&d=mm&r=g\",\"contentUrl\":\"https:\/\/secure.gravatar.com\/avatar\/417982e64e8517c66f546625d675f2b6?s=96&d=mm&r=g\",\"caption\":\"Synco\"},\"url\":\"https:\/\/sonambula.com.ar\/synco\/?author=1\"}]}<\/script>\n<!-- \/ Yoast SEO plugin. -->","yoast_head_json":{"title":"Futuros - Proyecto Synco","robots":{"index":"index","follow":"follow","max-snippet":"max-snippet:-1","max-image-preview":"max-image-preview:large","max-video-preview":"max-video-preview:-1"},"canonical":"https:\/\/sonambula.com.ar\/synco\/?p=158","og_locale":"es_ES","og_type":"article","og_title":"Futuros - Proyecto Synco","og_description":"So\u00f1ar el futuro: Philip K. Dick, arquitecto de la distop\u00eda que ya empezamos a vivir Juan Mattio interviene en el debate sobre distop\u00eda y futuros en el imaginario de Philip K. Dick para el diario [...]","og_url":"https:\/\/sonambula.com.ar\/synco\/?p=158","og_site_name":"Proyecto Synco","article_published_time":"2019-04-08T18:54:23+00:00","article_modified_time":"2019-05-09T02:02:35+00:00","og_image":[{"url":"http:\/\/proyectosynco.com\/wp-content\/uploads\/2019\/05\/dick.jpg"}],"twitter_card":"summary_large_image","twitter_misc":{"Escrito por":"Synco","Tiempo de lectura":"1 minuto"},"schema":{"@context":"https:\/\/schema.org","@graph":[{"@type":"WebSite","@id":"https:\/\/sonambula.com.ar\/synco\/#website","url":"https:\/\/sonambula.com.ar\/synco\/","name":"Proyecto Synco","description":"Observatorio de ciencia ficci\u00f3n, tecnolog\u00eda y futuros","potentialAction":[{"@type":"SearchAction","target":{"@type":"EntryPoint","urlTemplate":"https:\/\/sonambula.com.ar\/synco\/?s={search_term_string}"},"query-input":"required name=search_term_string"}],"inLanguage":"es"},{"@type":"ImageObject","@id":"https:\/\/sonambula.com.ar\/synco\/?p=158#primaryimage","inLanguage":"es","url":"http:\/\/proyectosynco.com\/wp-content\/uploads\/2019\/05\/dick.jpg","contentUrl":"http:\/\/proyectosynco.com\/wp-content\/uploads\/2019\/05\/dick.jpg"},{"@type":"WebPage","@id":"https:\/\/sonambula.com.ar\/synco\/?p=158#webpage","url":"https:\/\/sonambula.com.ar\/synco\/?p=158","name":"Futuros - Proyecto Synco","isPartOf":{"@id":"https:\/\/sonambula.com.ar\/synco\/#website"},"primaryImageOfPage":{"@id":"https:\/\/sonambula.com.ar\/synco\/?p=158#primaryimage"},"datePublished":"2019-04-08T18:54:23+00:00","dateModified":"2019-05-09T02:02:35+00:00","author":{"@id":"https:\/\/sonambula.com.ar\/synco\/#\/schema\/person\/b433eadf728c36224fee48b67d3ca4ed"},"breadcrumb":{"@id":"https:\/\/sonambula.com.ar\/synco\/?p=158#breadcrumb"},"inLanguage":"es","potentialAction":[{"@type":"ReadAction","target":["https:\/\/sonambula.com.ar\/synco\/?p=158"]}]},{"@type":"BreadcrumbList","@id":"https:\/\/sonambula.com.ar\/synco\/?p=158#breadcrumb","itemListElement":[{"@type":"ListItem","position":1,"name":"Portada","item":"https:\/\/sonambula.com.ar\/synco\/"},{"@type":"ListItem","position":2,"name":"Futuros"}]},{"@type":"Person","@id":"https:\/\/sonambula.com.ar\/synco\/#\/schema\/person\/b433eadf728c36224fee48b67d3ca4ed","name":"Synco","image":{"@type":"ImageObject","@id":"https:\/\/sonambula.com.ar\/synco\/#personlogo","inLanguage":"es","url":"https:\/\/secure.gravatar.com\/avatar\/417982e64e8517c66f546625d675f2b6?s=96&d=mm&r=g","contentUrl":"https:\/\/secure.gravatar.com\/avatar\/417982e64e8517c66f546625d675f2b6?s=96&d=mm&r=g","caption":"Synco"},"url":"https:\/\/sonambula.com.ar\/synco\/?author=1"}]}},"_links":{"self":[{"href":"https:\/\/sonambula.com.ar\/synco\/index.php?rest_route=\/wp\/v2\/posts\/158"}],"collection":[{"href":"https:\/\/sonambula.com.ar\/synco\/index.php?rest_route=\/wp\/v2\/posts"}],"about":[{"href":"https:\/\/sonambula.com.ar\/synco\/index.php?rest_route=\/wp\/v2\/types\/post"}],"author":[{"embeddable":true,"href":"https:\/\/sonambula.com.ar\/synco\/index.php?rest_route=\/wp\/v2\/users\/1"}],"replies":[{"embeddable":true,"href":"https:\/\/sonambula.com.ar\/synco\/index.php?rest_route=%2Fwp%2Fv2%2Fcomments&post=158"}],"version-history":[{"count":12,"href":"https:\/\/sonambula.com.ar\/synco\/index.php?rest_route=\/wp\/v2\/posts\/158\/revisions"}],"predecessor-version":[{"id":371,"href":"https:\/\/sonambula.com.ar\/synco\/index.php?rest_route=\/wp\/v2\/posts\/158\/revisions\/371"}],"wp:attachment":[{"href":"https:\/\/sonambula.com.ar\/synco\/index.php?rest_route=%2Fwp%2Fv2%2Fmedia&parent=158"}],"wp:term":[{"taxonomy":"category","embeddable":true,"href":"https:\/\/sonambula.com.ar\/synco\/index.php?rest_route=%2Fwp%2Fv2%2Fcategories&post=158"},{"taxonomy":"post_tag","embeddable":true,"href":"https:\/\/sonambula.com.ar\/synco\/index.php?rest_route=%2Fwp%2Fv2%2Ftags&post=158"}],"curies":[{"name":"wp","href":"https:\/\/api.w.org\/{rel}","templated":true}]}}