{"id":2502,"date":"2022-02-05T14:22:24","date_gmt":"2022-02-05T14:22:24","guid":{"rendered":"https:\/\/proyectosynco.com\/?p=2502"},"modified":"2022-02-05T19:01:48","modified_gmt":"2022-02-05T19:01:48","slug":"terror-sutil-y-potente","status":"publish","type":"post","link":"https:\/\/sonambula.com.ar\/synco\/?p=2502","title":{"rendered":"Terror sutil y potente"},"content":{"rendered":"\n<p><strong>Por N\u00e9stor Dar\u00edo Figueras<\/strong><\/p>\n\n\n\n<p><em>N\u00e9stor Dar\u00edo Figueras comparte con Synco una lectura de <\/em>La Lengua de los geckos<em>, opera prima de Fabi\u00e1n Garc\u00eda publicada en 2019. Esta colecci\u00f3n de relatos constituye \u00abun laberinto que se sostiene sobre el horror provocado por unos seres que, la mayor\u00edas de las veces, son el fruto de una hibridaci\u00f3n o est\u00e1n alcanzado la etapa final de su propia evoluci\u00f3n\u00bb. <\/em><\/p>\n\n\n\n<p>.<\/p>\n\n\n\n<p>Hace alg\u00fan tiempo que me promet\u00ed sugerir ciertas lecturas que me resultaron valiosas por alguna raz\u00f3n. Impensadamente, este feliz ejercicio se convirti\u00f3 en una serie de rese\u00f1as breves que, espero, incite a los lectores de buen paladar.<\/p>\n\n\n\n<p>Voy a empezar con la <em>La lengua de los geckos<\/em>, \u00f3pera prima de Fabi\u00e1n Garc\u00eda. Tengo que decir que disfrut\u00e9 esta antolog\u00eda de principio a fin. Garc\u00eda se pasea \u2013arrastrando al lector, pero siempre con suavidad\u2013 por un laberinto que se sostiene sobre el horror provocado por unos seres que, la mayor\u00edas de las veces, son el fruto de una hibridaci\u00f3n o est\u00e1n alcanzado la etapa final de su propia evoluci\u00f3n, seres que despiertan diversas fobias (todas de origen animal: la entomofobia y la herpetofobia parecen ser las favoritas, aunque uno de los textos nos ofrece una espeluznante contribuci\u00f3n del reino vegetal). Pero ese d\u00e9dalo tambi\u00e9n se erige con la simple y llana maldad humana \u2013no menos fat\u00eddica que la de las entidades referidas\u2013, cuya paleta se extiende desde esa crueldad infantil que, parad\u00f3jicamente, hace pensar en lo inhumano, pasando por las consecuencias de la exacerbaci\u00f3n del culto a la autoimagen, hasta la m\u00e1s abominable perversidad enquistada en las instituciones religiosas. <\/p>\n\n\n\n<p>Este recorrido propuesto por el autor se vale de varios elementos: un planteo m\u00e1s o menos cl\u00e1sico del cuento de terror, el uso ingenioso de las herramientas de la ciencia ficci\u00f3n (incluso aparece citado el ficticio escritor de ciencia ficci\u00f3n Kilgore Trout y su novela, tambi\u00e9n ficticia, claro, <em>El evangelio del espacio<\/em>, todo ello invenci\u00f3n del gran Kurt Vonnegut[1], lo que me pareci\u00f3 un magistral gui\u00f1o dentro del gui\u00f1o), el tono tradicional del costumbrismo, y hasta un asomo al horror c\u00f3smico m\u00e1s puro (apenas una pincelada, pero hecha con precisi\u00f3n). Sin embargo, todo est\u00e1 entretejido con maestr\u00eda, de modo que se percibe algo m\u00e1s que una simple apropiaci\u00f3n de recursos: con ellos, el autor supo crear un estilo sobrio, directo y \u2013lo mejor de todo\u2013 eficaz, uno que no necesita de estridencias ni golpes de efecto y le permite narrar c\u00f3mo la cotidianeidad puede contaminarse con la intrusi\u00f3n inesperada de esos entes terribles que siguen imperativos ciegos, dictados desde otro lado (cualquiera que no sea <em>este<\/em> lado).<\/p>\n\n\n\n<p>Por supuesto, en toda antolog\u00eda hay altibajos, y <em>La lengua de los geckos<\/em> no es la excepci\u00f3n. Pero los cuentos menos resonantes igualmente est\u00e1n muy logrados, lo que prueba \u2013al menos para m\u00ed\u2013 que detr\u00e1s del manuscrito final hubo un trabajo concienzudo (y ah\u00ed tambi\u00e9n se sospecha la mano experta de los editores de Muerde Muertos). Lo que m\u00e1s me gust\u00f3 del fenomenal debut de Garc\u00eda es la conexi\u00f3n que existe entre tres de sus relatos, un nexo que funciona como columna vertebral del conjunto. No obstante, como ya dije, se trata de una relaci\u00f3n apenas insinuada, casi un <em>easter egg<\/em>, visible solo para el ojo atento. (Como no quiero spoilear, no dir\u00e9 cu\u00e1les son los textos en cuesti\u00f3n, pero la taba en el centro de este espinazo tripartito, es una joya, tal vez la m\u00e1s sutil y potente muestra del libro, y seguramente, la cima tonal de la obra).<\/p>\n\n\n\n<p>En definitiva, y para no aburrir con tanta lata, consigan y lean <em>La lengua de los geckos<\/em>: me lo van a agradecer.<\/p>\n\n\n\n<p>.<\/p>\n\n\n\n<p><em>La lengua de los geckos<br><\/em>Fabi\u00e1n Garc\u00eda<br>Editorial Muerde Muertos, 2019<br>140 p\u00e1ginas<\/p>\n\n\n\n<p><\/p>\n\n\n\n<p>[1] Aunque parezca mentira, en este tiempo de hipersticiones parece que hay quienes creen que Kilgore Trout existi\u00f3 en la vida real. De las cientos de novelas y miles de relatos de la obra imaginaria de este personaje de Kurt Vonnegut, s\u00ed hay un texto que fue escrito, \u201cVenus en la concha\u201d, intento de homenaje\/metaficci\u00f3n de Philip Jos\u00e9 Farmer que desagrad\u00f3 a Vonnegut.<\/p>\n","protected":false},"excerpt":{"rendered":"<div class=\"mh-excerpt\"><p>Por N\u00e9stor Dar\u00edo Figueras N\u00e9stor Dar\u00edo Figueras comparte con Synco una lectura de La Lengua de los geckos, opera prima de Fabi\u00e1n Garc\u00eda publicada en 2019. Esta colecci\u00f3n de relatos constituye \u00abun laberinto que se <a class=\"mh-excerpt-more\" href=\"https:\/\/sonambula.com.ar\/synco\/?p=2502\" title=\"Terror sutil y potente\">[&#8230;]<\/a><\/p>\n<\/div>","protected":false},"author":1,"featured_media":2503,"comment_status":"closed","ping_status":"open","sticky":false,"template":"","format":"standard","meta":[],"categories":[5],"tags":[195,196,194,22],"yoast_head":"<!-- This site is optimized with the Yoast SEO plugin v17.4 - https:\/\/yoast.com\/wordpress\/plugins\/seo\/ -->\n<title>Terror sutil y potente - Proyecto Synco<\/title>\n<meta name=\"robots\" content=\"index, follow, max-snippet:-1, max-image-preview:large, max-video-preview:-1\" \/>\n<link rel=\"canonical\" href=\"https:\/\/sonambula.com.ar\/synco\/?p=2502\" \/>\n<meta property=\"og:locale\" content=\"es_ES\" \/>\n<meta property=\"og:type\" content=\"article\" \/>\n<meta property=\"og:title\" content=\"Terror sutil y potente - Proyecto Synco\" \/>\n<meta property=\"og:description\" content=\"Por N\u00e9stor Dar\u00edo Figueras N\u00e9stor Dar\u00edo Figueras comparte con Synco una lectura de La Lengua de los geckos, opera prima de Fabi\u00e1n Garc\u00eda publicada en 2019. Esta colecci\u00f3n de relatos constituye \u00abun laberinto que se [...]\" \/>\n<meta property=\"og:url\" content=\"https:\/\/sonambula.com.ar\/synco\/?p=2502\" \/>\n<meta property=\"og:site_name\" content=\"Proyecto Synco\" \/>\n<meta property=\"article:published_time\" content=\"2022-02-05T14:22:24+00:00\" \/>\n<meta property=\"article:modified_time\" content=\"2022-02-05T19:01:48+00:00\" \/>\n<meta property=\"og:image\" content=\"https:\/\/sonambula.com.ar\/synco\/wp-content\/uploads\/2022\/02\/FG.jpg\" \/>\n\t<meta property=\"og:image:width\" content=\"1000\" \/>\n\t<meta property=\"og:image:height\" content=\"562\" \/>\n<meta name=\"twitter:card\" content=\"summary_large_image\" \/>\n<meta name=\"twitter:label1\" content=\"Escrito por\" \/>\n\t<meta name=\"twitter:data1\" content=\"Synco\" \/>\n\t<meta name=\"twitter:label2\" content=\"Tiempo de lectura\" \/>\n\t<meta name=\"twitter:data2\" content=\"3 minutos\" \/>\n<script type=\"application\/ld+json\" class=\"yoast-schema-graph\">{\"@context\":\"https:\/\/schema.org\",\"@graph\":[{\"@type\":\"WebSite\",\"@id\":\"https:\/\/sonambula.com.ar\/synco\/#website\",\"url\":\"https:\/\/sonambula.com.ar\/synco\/\",\"name\":\"Proyecto Synco\",\"description\":\"Observatorio de ciencia ficci\\u00f3n, tecnolog\\u00eda y futuros\",\"potentialAction\":[{\"@type\":\"SearchAction\",\"target\":{\"@type\":\"EntryPoint\",\"urlTemplate\":\"https:\/\/sonambula.com.ar\/synco\/?s={search_term_string}\"},\"query-input\":\"required name=search_term_string\"}],\"inLanguage\":\"es\"},{\"@type\":\"ImageObject\",\"@id\":\"https:\/\/sonambula.com.ar\/synco\/?p=2502#primaryimage\",\"inLanguage\":\"es\",\"url\":\"https:\/\/sonambula.com.ar\/synco\/wp-content\/uploads\/2022\/02\/FG.jpg\",\"contentUrl\":\"https:\/\/sonambula.com.ar\/synco\/wp-content\/uploads\/2022\/02\/FG.jpg\",\"width\":1000,\"height\":562},{\"@type\":\"WebPage\",\"@id\":\"https:\/\/sonambula.com.ar\/synco\/?p=2502#webpage\",\"url\":\"https:\/\/sonambula.com.ar\/synco\/?p=2502\",\"name\":\"Terror sutil y potente - Proyecto Synco\",\"isPartOf\":{\"@id\":\"https:\/\/sonambula.com.ar\/synco\/#website\"},\"primaryImageOfPage\":{\"@id\":\"https:\/\/sonambula.com.ar\/synco\/?p=2502#primaryimage\"},\"datePublished\":\"2022-02-05T14:22:24+00:00\",\"dateModified\":\"2022-02-05T19:01:48+00:00\",\"author\":{\"@id\":\"https:\/\/sonambula.com.ar\/synco\/#\/schema\/person\/b433eadf728c36224fee48b67d3ca4ed\"},\"breadcrumb\":{\"@id\":\"https:\/\/sonambula.com.ar\/synco\/?p=2502#breadcrumb\"},\"inLanguage\":\"es\",\"potentialAction\":[{\"@type\":\"ReadAction\",\"target\":[\"https:\/\/sonambula.com.ar\/synco\/?p=2502\"]}]},{\"@type\":\"BreadcrumbList\",\"@id\":\"https:\/\/sonambula.com.ar\/synco\/?p=2502#breadcrumb\",\"itemListElement\":[{\"@type\":\"ListItem\",\"position\":1,\"name\":\"Portada\",\"item\":\"https:\/\/sonambula.com.ar\/synco\/\"},{\"@type\":\"ListItem\",\"position\":2,\"name\":\"Terror sutil y potente\"}]},{\"@type\":\"Person\",\"@id\":\"https:\/\/sonambula.com.ar\/synco\/#\/schema\/person\/b433eadf728c36224fee48b67d3ca4ed\",\"name\":\"Synco\",\"image\":{\"@type\":\"ImageObject\",\"@id\":\"https:\/\/sonambula.com.ar\/synco\/#personlogo\",\"inLanguage\":\"es\",\"url\":\"https:\/\/secure.gravatar.com\/avatar\/417982e64e8517c66f546625d675f2b6?s=96&d=mm&r=g\",\"contentUrl\":\"https:\/\/secure.gravatar.com\/avatar\/417982e64e8517c66f546625d675f2b6?s=96&d=mm&r=g\",\"caption\":\"Synco\"},\"url\":\"https:\/\/sonambula.com.ar\/synco\/?author=1\"}]}<\/script>\n<!-- \/ Yoast SEO plugin. -->","yoast_head_json":{"title":"Terror sutil y potente - Proyecto Synco","robots":{"index":"index","follow":"follow","max-snippet":"max-snippet:-1","max-image-preview":"max-image-preview:large","max-video-preview":"max-video-preview:-1"},"canonical":"https:\/\/sonambula.com.ar\/synco\/?p=2502","og_locale":"es_ES","og_type":"article","og_title":"Terror sutil y potente - Proyecto Synco","og_description":"Por N\u00e9stor Dar\u00edo Figueras N\u00e9stor Dar\u00edo Figueras comparte con Synco una lectura de La Lengua de los geckos, opera prima de Fabi\u00e1n Garc\u00eda publicada en 2019. Esta colecci\u00f3n de relatos constituye \u00abun laberinto que se [...]","og_url":"https:\/\/sonambula.com.ar\/synco\/?p=2502","og_site_name":"Proyecto Synco","article_published_time":"2022-02-05T14:22:24+00:00","article_modified_time":"2022-02-05T19:01:48+00:00","og_image":[{"width":1000,"height":562,"url":"https:\/\/sonambula.com.ar\/synco\/wp-content\/uploads\/2022\/02\/FG.jpg","type":"image\/jpeg"}],"twitter_card":"summary_large_image","twitter_misc":{"Escrito por":"Synco","Tiempo de lectura":"3 minutos"},"schema":{"@context":"https:\/\/schema.org","@graph":[{"@type":"WebSite","@id":"https:\/\/sonambula.com.ar\/synco\/#website","url":"https:\/\/sonambula.com.ar\/synco\/","name":"Proyecto Synco","description":"Observatorio de ciencia ficci\u00f3n, tecnolog\u00eda y futuros","potentialAction":[{"@type":"SearchAction","target":{"@type":"EntryPoint","urlTemplate":"https:\/\/sonambula.com.ar\/synco\/?s={search_term_string}"},"query-input":"required name=search_term_string"}],"inLanguage":"es"},{"@type":"ImageObject","@id":"https:\/\/sonambula.com.ar\/synco\/?p=2502#primaryimage","inLanguage":"es","url":"https:\/\/sonambula.com.ar\/synco\/wp-content\/uploads\/2022\/02\/FG.jpg","contentUrl":"https:\/\/sonambula.com.ar\/synco\/wp-content\/uploads\/2022\/02\/FG.jpg","width":1000,"height":562},{"@type":"WebPage","@id":"https:\/\/sonambula.com.ar\/synco\/?p=2502#webpage","url":"https:\/\/sonambula.com.ar\/synco\/?p=2502","name":"Terror sutil y potente - Proyecto Synco","isPartOf":{"@id":"https:\/\/sonambula.com.ar\/synco\/#website"},"primaryImageOfPage":{"@id":"https:\/\/sonambula.com.ar\/synco\/?p=2502#primaryimage"},"datePublished":"2022-02-05T14:22:24+00:00","dateModified":"2022-02-05T19:01:48+00:00","author":{"@id":"https:\/\/sonambula.com.ar\/synco\/#\/schema\/person\/b433eadf728c36224fee48b67d3ca4ed"},"breadcrumb":{"@id":"https:\/\/sonambula.com.ar\/synco\/?p=2502#breadcrumb"},"inLanguage":"es","potentialAction":[{"@type":"ReadAction","target":["https:\/\/sonambula.com.ar\/synco\/?p=2502"]}]},{"@type":"BreadcrumbList","@id":"https:\/\/sonambula.com.ar\/synco\/?p=2502#breadcrumb","itemListElement":[{"@type":"ListItem","position":1,"name":"Portada","item":"https:\/\/sonambula.com.ar\/synco\/"},{"@type":"ListItem","position":2,"name":"Terror sutil y potente"}]},{"@type":"Person","@id":"https:\/\/sonambula.com.ar\/synco\/#\/schema\/person\/b433eadf728c36224fee48b67d3ca4ed","name":"Synco","image":{"@type":"ImageObject","@id":"https:\/\/sonambula.com.ar\/synco\/#personlogo","inLanguage":"es","url":"https:\/\/secure.gravatar.com\/avatar\/417982e64e8517c66f546625d675f2b6?s=96&d=mm&r=g","contentUrl":"https:\/\/secure.gravatar.com\/avatar\/417982e64e8517c66f546625d675f2b6?s=96&d=mm&r=g","caption":"Synco"},"url":"https:\/\/sonambula.com.ar\/synco\/?author=1"}]}},"_links":{"self":[{"href":"https:\/\/sonambula.com.ar\/synco\/index.php?rest_route=\/wp\/v2\/posts\/2502"}],"collection":[{"href":"https:\/\/sonambula.com.ar\/synco\/index.php?rest_route=\/wp\/v2\/posts"}],"about":[{"href":"https:\/\/sonambula.com.ar\/synco\/index.php?rest_route=\/wp\/v2\/types\/post"}],"author":[{"embeddable":true,"href":"https:\/\/sonambula.com.ar\/synco\/index.php?rest_route=\/wp\/v2\/users\/1"}],"replies":[{"embeddable":true,"href":"https:\/\/sonambula.com.ar\/synco\/index.php?rest_route=%2Fwp%2Fv2%2Fcomments&post=2502"}],"version-history":[{"count":2,"href":"https:\/\/sonambula.com.ar\/synco\/index.php?rest_route=\/wp\/v2\/posts\/2502\/revisions"}],"predecessor-version":[{"id":2505,"href":"https:\/\/sonambula.com.ar\/synco\/index.php?rest_route=\/wp\/v2\/posts\/2502\/revisions\/2505"}],"wp:featuredmedia":[{"embeddable":true,"href":"https:\/\/sonambula.com.ar\/synco\/index.php?rest_route=\/wp\/v2\/media\/2503"}],"wp:attachment":[{"href":"https:\/\/sonambula.com.ar\/synco\/index.php?rest_route=%2Fwp%2Fv2%2Fmedia&parent=2502"}],"wp:term":[{"taxonomy":"category","embeddable":true,"href":"https:\/\/sonambula.com.ar\/synco\/index.php?rest_route=%2Fwp%2Fv2%2Fcategories&post=2502"},{"taxonomy":"post_tag","embeddable":true,"href":"https:\/\/sonambula.com.ar\/synco\/index.php?rest_route=%2Fwp%2Fv2%2Ftags&post=2502"}],"curies":[{"name":"wp","href":"https:\/\/api.w.org\/{rel}","templated":true}]}}