{"id":2506,"date":"2022-02-07T18:37:01","date_gmt":"2022-02-07T18:37:01","guid":{"rendered":"https:\/\/proyectosynco.com\/?p=2506"},"modified":"2022-03-31T17:55:32","modified_gmt":"2022-03-31T17:55:32","slug":"angelica-hacia-las-estrellas-en-flor","status":"publish","type":"post","link":"https:\/\/sonambula.com.ar\/synco\/?p=2506","title":{"rendered":"Ang\u00e9lica, hacia las estrellas en flor"},"content":{"rendered":"\n<figure class=\"wp-block-image size-full is-resized\"><img decoding=\"async\" loading=\"lazy\" src=\"https:\/\/proyectosynco.com\/wp-content\/uploads\/2022\/02\/en-su-casa-ademas-del-trabajo-su-obra-angelica-gorodischer-coordina-grupos-reflexion-la-escritura.jpeg\" alt=\"\" class=\"wp-image-2507\" width=\"840\" height=\"365\" srcset=\"https:\/\/sonambula.com.ar\/synco\/wp-content\/uploads\/2022\/02\/en-su-casa-ademas-del-trabajo-su-obra-angelica-gorodischer-coordina-grupos-reflexion-la-escritura.jpeg 632w, https:\/\/sonambula.com.ar\/synco\/wp-content\/uploads\/2022\/02\/en-su-casa-ademas-del-trabajo-su-obra-angelica-gorodischer-coordina-grupos-reflexion-la-escritura-300x131.jpeg 300w\" sizes=\"(max-width: 840px) 100vw, 840px\" \/><\/figure>\n\n\n\n<p><strong>Por Laura Ponce<\/strong><\/p>\n\n\n\n<p><em>Laura Ponce recuerda a la enorme Ang\u00e9lica Gorodischer.<\/em><\/p>\n\n\n\n<p>.<\/p>\n\n\n\n<p>Este s\u00e1bado 5 de febrero falleci\u00f3 Ang\u00e9lica Gorodischer, una de las tres madres de la ciencia ficci\u00f3n en castellano, una de las escritoras m\u00e1s importantes y de mayor trayectoria en habla hispana, una mujer de imaginaci\u00f3n desbordante e ideas poderosas, una persona entra\u00f1able con una generosidad de la que nunca me voy a olvidar. Podr\u00eda decir que es una p\u00e9rdida irreparable, pero seguro ella me dar\u00eda una palmadita sacudiendo la cabeza con cara de \u201cqu\u00e9 tonter\u00eda\u201d y responder\u00eda que se ha perdido lo menos importante, que la que ella quiso ser est\u00e1 en lo que escribi\u00f3, en el camino que hizo y la obra que dej\u00f3, y yo agregar\u00eda en las vidas que toc\u00f3 (ella era demasiado humilde como para decirlo, pero creo que es lo m\u00e1s importante).<\/p>\n\n\n\n<p><br>Me acuerdo de las veces que la visit\u00e9 en su casa de Rosario. Primero en el 2016, cuando fuimos a llevarle un ejemplar de la edici\u00f3n argentina de Alucinadas \/ Ciencia Ficci\u00f3n escrita por mujeres, publicada en Espa\u00f1a por Palabristas Press y Sportula, la primera antolog\u00eda que compartimos, cosa que yo todav\u00eda no pod\u00eda creer. Fui con Teresa P. Mira de Echeverr\u00eda, quien hab\u00eda ganado esa convocatoria, Guillermo Echeverr\u00eda y Grendel Bellarousse. Fuimos como en procesi\u00f3n, para ver a nuestro monstruo sagrado, y nos encontramos con una viejita maravillosa, con el pelo color remolacha y pantuflas doradas, que nos guio a trav\u00e9s de un jard\u00edn frondoso, brillante por la lluvia, y nos abri\u00f3 la puerta a su refugio. Libros, much\u00edsimos libros, cajas con recortes period\u00edsticos cuidadosamente etiquetadas, las paredes cubiertas de cuadritos, fotos, detalles, premios medio apilados en un estante, como cosas sin mucha importancia, un escritorio y una mesa redonda con una l\u00e1mpara que ba\u00f1aba todo de luz dorada. Pod\u00eda haber sido un templo, pero un peque\u00f1o mundo tibio, era la habitaci\u00f3n de una se\u00f1ora bien vivida, un espacio de trabajo y creaci\u00f3n, y tambi\u00e9n un lugar para compartir. Ah\u00ed tomamos el t\u00e9 con masitas, charlamos, nos re\u00edmos. Nos cont\u00f3 muchas an\u00e9cdotas desopilantes, pero sobre todo nos pregunt\u00f3, quiso saber de nosotres, qu\u00e9 escrib\u00edamos, por qu\u00e9 escrib\u00edamos. Nos escuch\u00f3 con atenci\u00f3n y afecto, y nos dio los mejores consejos del mundo. Volv\u00ed a visitarla otras veces, cuando viajaba a Rosario. La \u00faltima vez que nos vimos fue cuando la Biblioteca Nacional la homenaje\u00f3 poni\u00e9ndole su nombre a una de las salas. Lamento que no hayan sido muchas m\u00e1s.<\/p>\n\n\n\n<p><br>Me pone triste saber que no podr\u00e9 volver a verla y re\u00edrme con ella, pero me acuerdo de que hab\u00eda entrado en mi vida mucho antes de esa primera visita, cuando le\u00ed fascinada Kalpa imperial; me acuerdo de que adem\u00e1s de hacerlo con su modo de escribir me inspir\u00f3 con su voz segura y desenfadada, desde esas entrevistas que daba tan lejos del divismo; me acuerdo que me la reconfirm\u00f3 como modelo saber que siempre hab\u00eda sido una laburante (al principio de su carrera, cuando sus hijos eran chicos, trabajaba en una f\u00e1brica y se sent\u00eda culpable con sus hijos porque no estaba con ellos durante todo el d\u00eda como otras se\u00f1oras del barrio y se sent\u00eda culpable con la literatura porque no le pod\u00eda dedicar todo el tiempo que quer\u00eda; a la noche, una vez que dorm\u00edan, sacaba la m\u00e1quina de escribir de abajo de la cama, la pon\u00eda en una mesita sobre una toalla para que no hiciera ruido y escrib\u00eda hasta las tres de la ma\u00f1ana, y al otro d\u00eda, a las siete, se levantaba para ir a trabajar; viv\u00eda cansada, pero hizo todo lo que quiso y nunca desisti\u00f3).<br>La voy a extra\u00f1ar, pero es maravilloso saber que estuvo en este mundo y que nos dej\u00f3 tantos otros. Buen viaje, Ang\u00e9lica.<\/p>\n","protected":false},"excerpt":{"rendered":"<div class=\"mh-excerpt\"><p>Por Laura Ponce Laura Ponce recuerda a la enorme Ang\u00e9lica Gorodischer. . Este s\u00e1bado 5 de febrero falleci\u00f3 Ang\u00e9lica Gorodischer, una de las tres madres de la ciencia ficci\u00f3n en castellano, una de las escritoras <a class=\"mh-excerpt-more\" href=\"https:\/\/sonambula.com.ar\/synco\/?p=2506\" title=\"Ang\u00e9lica, hacia las estrellas en flor\">[&#8230;]<\/a><\/p>\n<\/div>","protected":false},"author":1,"featured_media":2507,"comment_status":"closed","ping_status":"open","sticky":false,"template":"","format":"standard","meta":[],"categories":[16,15],"tags":[197,200,199,198],"yoast_head":"<!-- This site is optimized with the Yoast SEO plugin v17.4 - https:\/\/yoast.com\/wordpress\/plugins\/seo\/ -->\n<title>Ang\u00e9lica, hacia las estrellas en flor - Proyecto Synco<\/title>\n<meta name=\"robots\" content=\"index, follow, max-snippet:-1, max-image-preview:large, max-video-preview:-1\" \/>\n<link rel=\"canonical\" href=\"https:\/\/sonambula.com.ar\/synco\/?p=2506\" \/>\n<meta property=\"og:locale\" content=\"es_ES\" \/>\n<meta property=\"og:type\" content=\"article\" \/>\n<meta property=\"og:title\" content=\"Ang\u00e9lica, hacia las estrellas en flor - Proyecto Synco\" \/>\n<meta property=\"og:description\" content=\"Por Laura Ponce Laura Ponce recuerda a la enorme Ang\u00e9lica Gorodischer. . Este s\u00e1bado 5 de febrero falleci\u00f3 Ang\u00e9lica Gorodischer, una de las tres madres de la ciencia ficci\u00f3n en castellano, una de las escritoras [...]\" \/>\n<meta property=\"og:url\" content=\"https:\/\/sonambula.com.ar\/synco\/?p=2506\" \/>\n<meta property=\"og:site_name\" content=\"Proyecto Synco\" \/>\n<meta property=\"article:published_time\" content=\"2022-02-07T18:37:01+00:00\" \/>\n<meta property=\"article:modified_time\" content=\"2022-03-31T17:55:32+00:00\" \/>\n<meta property=\"og:image\" content=\"https:\/\/sonambula.com.ar\/synco\/wp-content\/uploads\/2022\/02\/en-su-casa-ademas-del-trabajo-su-obra-angelica-gorodischer-coordina-grupos-reflexion-la-escritura.jpeg\" \/>\n\t<meta property=\"og:image:width\" content=\"632\" \/>\n\t<meta property=\"og:image:height\" content=\"275\" \/>\n<meta name=\"twitter:card\" content=\"summary_large_image\" \/>\n<meta name=\"twitter:label1\" content=\"Escrito por\" \/>\n\t<meta name=\"twitter:data1\" content=\"Synco\" \/>\n\t<meta name=\"twitter:label2\" content=\"Tiempo de lectura\" \/>\n\t<meta name=\"twitter:data2\" content=\"3 minutos\" \/>\n<script type=\"application\/ld+json\" class=\"yoast-schema-graph\">{\"@context\":\"https:\/\/schema.org\",\"@graph\":[{\"@type\":\"WebSite\",\"@id\":\"https:\/\/sonambula.com.ar\/synco\/#website\",\"url\":\"https:\/\/sonambula.com.ar\/synco\/\",\"name\":\"Proyecto Synco\",\"description\":\"Observatorio de ciencia ficci\\u00f3n, tecnolog\\u00eda y futuros\",\"potentialAction\":[{\"@type\":\"SearchAction\",\"target\":{\"@type\":\"EntryPoint\",\"urlTemplate\":\"https:\/\/sonambula.com.ar\/synco\/?s={search_term_string}\"},\"query-input\":\"required name=search_term_string\"}],\"inLanguage\":\"es\"},{\"@type\":\"ImageObject\",\"@id\":\"https:\/\/sonambula.com.ar\/synco\/?p=2506#primaryimage\",\"inLanguage\":\"es\",\"url\":\"https:\/\/sonambula.com.ar\/synco\/wp-content\/uploads\/2022\/02\/en-su-casa-ademas-del-trabajo-su-obra-angelica-gorodischer-coordina-grupos-reflexion-la-escritura.jpeg\",\"contentUrl\":\"https:\/\/sonambula.com.ar\/synco\/wp-content\/uploads\/2022\/02\/en-su-casa-ademas-del-trabajo-su-obra-angelica-gorodischer-coordina-grupos-reflexion-la-escritura.jpeg\",\"width\":632,\"height\":275},{\"@type\":\"WebPage\",\"@id\":\"https:\/\/sonambula.com.ar\/synco\/?p=2506#webpage\",\"url\":\"https:\/\/sonambula.com.ar\/synco\/?p=2506\",\"name\":\"Ang\\u00e9lica, hacia las estrellas en flor - Proyecto Synco\",\"isPartOf\":{\"@id\":\"https:\/\/sonambula.com.ar\/synco\/#website\"},\"primaryImageOfPage\":{\"@id\":\"https:\/\/sonambula.com.ar\/synco\/?p=2506#primaryimage\"},\"datePublished\":\"2022-02-07T18:37:01+00:00\",\"dateModified\":\"2022-03-31T17:55:32+00:00\",\"author\":{\"@id\":\"https:\/\/sonambula.com.ar\/synco\/#\/schema\/person\/b433eadf728c36224fee48b67d3ca4ed\"},\"breadcrumb\":{\"@id\":\"https:\/\/sonambula.com.ar\/synco\/?p=2506#breadcrumb\"},\"inLanguage\":\"es\",\"potentialAction\":[{\"@type\":\"ReadAction\",\"target\":[\"https:\/\/sonambula.com.ar\/synco\/?p=2506\"]}]},{\"@type\":\"BreadcrumbList\",\"@id\":\"https:\/\/sonambula.com.ar\/synco\/?p=2506#breadcrumb\",\"itemListElement\":[{\"@type\":\"ListItem\",\"position\":1,\"name\":\"Portada\",\"item\":\"https:\/\/sonambula.com.ar\/synco\/\"},{\"@type\":\"ListItem\",\"position\":2,\"name\":\"Ang\\u00e9lica, hacia las estrellas en flor\"}]},{\"@type\":\"Person\",\"@id\":\"https:\/\/sonambula.com.ar\/synco\/#\/schema\/person\/b433eadf728c36224fee48b67d3ca4ed\",\"name\":\"Synco\",\"image\":{\"@type\":\"ImageObject\",\"@id\":\"https:\/\/sonambula.com.ar\/synco\/#personlogo\",\"inLanguage\":\"es\",\"url\":\"https:\/\/secure.gravatar.com\/avatar\/417982e64e8517c66f546625d675f2b6?s=96&d=mm&r=g\",\"contentUrl\":\"https:\/\/secure.gravatar.com\/avatar\/417982e64e8517c66f546625d675f2b6?s=96&d=mm&r=g\",\"caption\":\"Synco\"},\"url\":\"https:\/\/sonambula.com.ar\/synco\/?author=1\"}]}<\/script>\n<!-- \/ Yoast SEO plugin. -->","yoast_head_json":{"title":"Ang\u00e9lica, hacia las estrellas en flor - Proyecto Synco","robots":{"index":"index","follow":"follow","max-snippet":"max-snippet:-1","max-image-preview":"max-image-preview:large","max-video-preview":"max-video-preview:-1"},"canonical":"https:\/\/sonambula.com.ar\/synco\/?p=2506","og_locale":"es_ES","og_type":"article","og_title":"Ang\u00e9lica, hacia las estrellas en flor - Proyecto Synco","og_description":"Por Laura Ponce Laura Ponce recuerda a la enorme Ang\u00e9lica Gorodischer. . Este s\u00e1bado 5 de febrero falleci\u00f3 Ang\u00e9lica Gorodischer, una de las tres madres de la ciencia ficci\u00f3n en castellano, una de las escritoras [...]","og_url":"https:\/\/sonambula.com.ar\/synco\/?p=2506","og_site_name":"Proyecto Synco","article_published_time":"2022-02-07T18:37:01+00:00","article_modified_time":"2022-03-31T17:55:32+00:00","og_image":[{"width":632,"height":275,"url":"https:\/\/sonambula.com.ar\/synco\/wp-content\/uploads\/2022\/02\/en-su-casa-ademas-del-trabajo-su-obra-angelica-gorodischer-coordina-grupos-reflexion-la-escritura.jpeg","type":"image\/jpeg"}],"twitter_card":"summary_large_image","twitter_misc":{"Escrito por":"Synco","Tiempo de lectura":"3 minutos"},"schema":{"@context":"https:\/\/schema.org","@graph":[{"@type":"WebSite","@id":"https:\/\/sonambula.com.ar\/synco\/#website","url":"https:\/\/sonambula.com.ar\/synco\/","name":"Proyecto Synco","description":"Observatorio de ciencia ficci\u00f3n, tecnolog\u00eda y futuros","potentialAction":[{"@type":"SearchAction","target":{"@type":"EntryPoint","urlTemplate":"https:\/\/sonambula.com.ar\/synco\/?s={search_term_string}"},"query-input":"required name=search_term_string"}],"inLanguage":"es"},{"@type":"ImageObject","@id":"https:\/\/sonambula.com.ar\/synco\/?p=2506#primaryimage","inLanguage":"es","url":"https:\/\/sonambula.com.ar\/synco\/wp-content\/uploads\/2022\/02\/en-su-casa-ademas-del-trabajo-su-obra-angelica-gorodischer-coordina-grupos-reflexion-la-escritura.jpeg","contentUrl":"https:\/\/sonambula.com.ar\/synco\/wp-content\/uploads\/2022\/02\/en-su-casa-ademas-del-trabajo-su-obra-angelica-gorodischer-coordina-grupos-reflexion-la-escritura.jpeg","width":632,"height":275},{"@type":"WebPage","@id":"https:\/\/sonambula.com.ar\/synco\/?p=2506#webpage","url":"https:\/\/sonambula.com.ar\/synco\/?p=2506","name":"Ang\u00e9lica, hacia las estrellas en flor - Proyecto Synco","isPartOf":{"@id":"https:\/\/sonambula.com.ar\/synco\/#website"},"primaryImageOfPage":{"@id":"https:\/\/sonambula.com.ar\/synco\/?p=2506#primaryimage"},"datePublished":"2022-02-07T18:37:01+00:00","dateModified":"2022-03-31T17:55:32+00:00","author":{"@id":"https:\/\/sonambula.com.ar\/synco\/#\/schema\/person\/b433eadf728c36224fee48b67d3ca4ed"},"breadcrumb":{"@id":"https:\/\/sonambula.com.ar\/synco\/?p=2506#breadcrumb"},"inLanguage":"es","potentialAction":[{"@type":"ReadAction","target":["https:\/\/sonambula.com.ar\/synco\/?p=2506"]}]},{"@type":"BreadcrumbList","@id":"https:\/\/sonambula.com.ar\/synco\/?p=2506#breadcrumb","itemListElement":[{"@type":"ListItem","position":1,"name":"Portada","item":"https:\/\/sonambula.com.ar\/synco\/"},{"@type":"ListItem","position":2,"name":"Ang\u00e9lica, hacia las estrellas en flor"}]},{"@type":"Person","@id":"https:\/\/sonambula.com.ar\/synco\/#\/schema\/person\/b433eadf728c36224fee48b67d3ca4ed","name":"Synco","image":{"@type":"ImageObject","@id":"https:\/\/sonambula.com.ar\/synco\/#personlogo","inLanguage":"es","url":"https:\/\/secure.gravatar.com\/avatar\/417982e64e8517c66f546625d675f2b6?s=96&d=mm&r=g","contentUrl":"https:\/\/secure.gravatar.com\/avatar\/417982e64e8517c66f546625d675f2b6?s=96&d=mm&r=g","caption":"Synco"},"url":"https:\/\/sonambula.com.ar\/synco\/?author=1"}]}},"_links":{"self":[{"href":"https:\/\/sonambula.com.ar\/synco\/index.php?rest_route=\/wp\/v2\/posts\/2506"}],"collection":[{"href":"https:\/\/sonambula.com.ar\/synco\/index.php?rest_route=\/wp\/v2\/posts"}],"about":[{"href":"https:\/\/sonambula.com.ar\/synco\/index.php?rest_route=\/wp\/v2\/types\/post"}],"author":[{"embeddable":true,"href":"https:\/\/sonambula.com.ar\/synco\/index.php?rest_route=\/wp\/v2\/users\/1"}],"replies":[{"embeddable":true,"href":"https:\/\/sonambula.com.ar\/synco\/index.php?rest_route=%2Fwp%2Fv2%2Fcomments&post=2506"}],"version-history":[{"count":1,"href":"https:\/\/sonambula.com.ar\/synco\/index.php?rest_route=\/wp\/v2\/posts\/2506\/revisions"}],"predecessor-version":[{"id":2508,"href":"https:\/\/sonambula.com.ar\/synco\/index.php?rest_route=\/wp\/v2\/posts\/2506\/revisions\/2508"}],"wp:featuredmedia":[{"embeddable":true,"href":"https:\/\/sonambula.com.ar\/synco\/index.php?rest_route=\/wp\/v2\/media\/2507"}],"wp:attachment":[{"href":"https:\/\/sonambula.com.ar\/synco\/index.php?rest_route=%2Fwp%2Fv2%2Fmedia&parent=2506"}],"wp:term":[{"taxonomy":"category","embeddable":true,"href":"https:\/\/sonambula.com.ar\/synco\/index.php?rest_route=%2Fwp%2Fv2%2Fcategories&post=2506"},{"taxonomy":"post_tag","embeddable":true,"href":"https:\/\/sonambula.com.ar\/synco\/index.php?rest_route=%2Fwp%2Fv2%2Ftags&post=2506"}],"curies":[{"name":"wp","href":"https:\/\/api.w.org\/{rel}","templated":true}]}}