{"id":2517,"date":"2022-03-07T18:56:41","date_gmt":"2022-03-07T18:56:41","guid":{"rendered":"https:\/\/proyectosynco.com\/?p=2517"},"modified":"2022-03-07T18:57:00","modified_gmt":"2022-03-07T18:57:00","slug":"snowpiercer-imagina-el-fin-del-mundo-y-del-capitalismo","status":"publish","type":"post","link":"https:\/\/sonambula.com.ar\/synco\/?p=2517","title":{"rendered":"Snowpiercer imagina el fin del mundo (y del capitalismo)"},"content":{"rendered":"\n<p><strong>Por Chris Dite<\/strong><\/p>\n\n\n\n<p><em>La franquicia\u00a0<\/em>Snowpiercer<em>\u00a0cumple 40 a\u00f1os. Las luchas y las derrotas de la era del cambio clim\u00e1tico han envalentonado y desanimado a sus creadores por turnos, pero el dilema clave que plantean -si destrozar el sistema o tomar el control- sigue siendo v\u00e1lido.<\/em><\/p>\n\n\n\n<p>&#8211;<\/p>\n\n\n\n<p><em>Snowpiercer<\/em>\u00a0(<em>Le Transperceneige<\/em>) debut\u00f3 en Francia en 1982. Desde sus humildes comienzos como una\u00a0<em>bande dessin\u00e9e<\/em>\u00a0por entregas, ha dado lugar a secuelas, precuelas, una adaptaci\u00f3n cinematogr\u00e1fica de gran \u00e9xito y ahora una serie de televisi\u00f3n. Lejos de ser un sombr\u00edo experimento de ciencia ficci\u00f3n, la franquicia ha seguido de cerca las crisis y contradicciones de este desastroso medio siglo.<\/p>\n\n\n\n<p>Independientemente del medio, la premisa b\u00e1sica de&nbsp;<em>Snowpiercer<\/em>&nbsp;sigue siendo la misma: una cat\u00e1strofe medioambiental ha sumido al mundo en un invierno eterno. Amenazados por un p\u00e1ramo helado que mata en segundos, unas cuantas miles de almas desafortunadas se amontonan en una locomotora de alta velocidad. Pero este remanente de humanidad se encuentra estrictamente dividido en clases: hay que mantener el impulso a toda costa, y el orden se mantiene con pu\u00f1o de hierro. Los pasajeros sin billete, vilipendiados y desterrados a la parte trasera del tren, desempe\u00f1an el papel de chivo expiatorio y ej\u00e9rcito de reserva del trabajo. Pero este \u00ablumpen-passengariat\u00bb est\u00e1 helado, hambriento y dispuesto a contraatacar.<\/p>\n\n\n\n<p>\u00bfPor qu\u00e9 este sombr\u00edo viaje en tren ha entusiasmado al p\u00fablico durante cuarenta a\u00f1os, y c\u00f3mo el tumulto del capitalismo ha avivado la imaginaci\u00f3n de sus creadores?<\/p>\n\n\n\n<h2><strong>Or\u00edgenes nucleares<\/strong><\/h2>\n\n\n\n<h4><strong>El concepto original fue ideado a finales de la d\u00e9cada de 1970 por el dibujante de c\u00f3mics franc\u00e9s Jacques Lob en respuesta a un clima pol\u00edtico cambiante en Francia. Lob se hab\u00eda hecho un nombre en la prestigiosa revista de c\u00f3mics\u00a0<em>Pilote<\/em>\u00a0bajo la direcci\u00f3n del creador de\u00a0<em>Ast\u00e9rix<\/em>, Ren\u00e9 Goscinny. Durante las\u00a0<a href=\"https:\/\/jacobinlat.com\/2021\/06\/11\/herbert-marcuse-y-las-revueltas-estudiantiles-de-1968-una-conferencia-inedita\/\">revueltas de mayo del 68<\/a>, Lob y otros j\u00f3venes artistas de\u00a0<em>Pilote<\/em>\u00a0se rebelaron contra el autoritarismo editorial de Goscinny. Exigieron \u2014y ganaron\u2014 la inclusi\u00f3n de contenidos pol\u00edticos en la publicaci\u00f3n. La revuelta de mayo del 68 se calm\u00f3, pero la tensi\u00f3n laboral en\u00a0<em>Pilote<\/em>\u00a0no. Los partidarios de Goscinny acusaron a sus empleados de someterle a un \u00abjuicio estalinista\u00bb, y Lob y sus compa\u00f1eros se marcharon en 1974 para fundar sus propias publicaciones.<\/strong><\/h4>\n\n\n\n<p>En esa \u00e9poca, la clase dirigente francesa estaba realmente aterrada por la producci\u00f3n de energ\u00eda. El descubrimiento de hidrocarburos en el S\u00e1hara a finales de la d\u00e9cada de 1950 hab\u00eda encendido los sue\u00f1os franceses de una industria petrolera nacional y de influencia geopol\u00edtica. La&nbsp;<a href=\"https:\/\/jacobinlat.com\/2021\/07\/20\/fanon-y-la-violencia-revolucionaria\/\">Guerra de la Independencia de Argelia<\/a>&nbsp;hab\u00eda aplastado la primera y mellado la segunda fantas\u00eda. La crisis del petr\u00f3leo de 1973 puso a\u00fan m\u00e1s de relieve la vergonzosa dependencia de Francia del petr\u00f3leo extranjero. El primer ministro gaullista Pierre Messmer se apresur\u00f3 a salvar a Francia. Messmer se hab\u00eda fogueado como s\u00e1dico gobernador colonial en \u00c1frica aplastando rebeliones comunistas. Pero su verdadera pasi\u00f3n estaba en el \u00e1mbito nuclear. Hab\u00eda supervisado las peligrosas primeras pruebas nucleares francesas en las colonias y estaba enamorado de la tecnolog\u00eda. Propuso lo que se conoci\u00f3 como el Plan Messmer, un plan para satisfacer todas las necesidades de electricidad de Francia mediante 170 centrales nucleares.<\/p>\n\n\n\n<p>El Plan Messmer hizo arder a la sociedad francesa. Temerosos de las consecuencias para la salud y furiosos por la falta de democracia del Plan Messmer, cientos de miles de personas se volvieron pol\u00edticamente activas. En toda Francia, los habitantes de los pueblos, los sindicalistas y los ecologistas libraron batallas locales contra la gendarmer\u00eda para impedir la construcci\u00f3n de las centrales. Estas batallas plantearon verdaderas cuestiones de poder:&nbsp;<em>Le T\u00e9l\u00e9gramme<\/em>&nbsp;opin\u00f3 que la lucha en Bretagne, dirigida por la militante comunista Am\u00e9lie Kerloc\u2019h, \u00abdemostr\u00f3 que las instituciones locales, ferozmente antinucleares, pueden rechazar la ley francesa y aplicar la suya propia\u00bb. Una de las mayores protestas fue contra la central nuclear de Superph\u00e9nix en 1977. M\u00e1s de 60 000 personas acudieron al lugar para impedir la construcci\u00f3n y fueron atacadas por la polic\u00eda. Un joven profesor muri\u00f3 y muchos otros resultaron heridos y desfigurados por las granadas de la polic\u00eda.<\/p>\n\n\n\n<p>La violencia de la polic\u00eda y el fracaso final del movimiento causaron una gran impresi\u00f3n en el joven dibujante de c\u00f3mics Jean-Marc Rochette, que particip\u00f3 en la batalla. Cuando Jacques Lob le propuso trabajar juntos en&nbsp;<em>Le Transperceneige<\/em>, los v\u00ednculos entre la historia y su experiencia vivida en la lucha mundial por los recursos y la energ\u00eda resonaron, aunque sus pol\u00edticas fueran algo divergentes.<\/p>\n\n\n\n<p>Cuando me ofreci\u00f3 su historia, sent\u00ed inmediatamente el poder de esta f\u00e1bula para adultos. Una historia sencilla, como nadie hab\u00eda hecho nunca. Un tren como met\u00e1fora social. El \u00abSanto Loco\u00bb, la m\u00e1quina perpetua, como una par\u00e1bola del poder (\u2026) La noci\u00f3n de lucha de clases estaba m\u00e1s marcada con Jacques que conmigo. Yo era m\u00e1s anarquista, quer\u00eda escapar del sistema, no trabajar en una f\u00e1brica, no ser funcionario.<\/p>\n\n\n\n<p>En&nbsp;<em>Le Transperceneige<\/em>&nbsp;aparece una figura similar a la de Pierre Messmer en la forma de Alec Forrester, un \u00abhombre tras bambalinas\u00bb de la \u00e9lite con un fetiche tecnol\u00f3gico y una actitud maltusiana hacia las clases bajas. La experiencia demasiado real de los artistas con los hombres megal\u00f3manos, la avaricia, la lucha por los recursos y la derrota pol\u00edtica, informaron sobre la l\u00fagubre perspectiva de su relato.<\/p>\n\n\n\n<p>La producci\u00f3n del c\u00f3mic coincidi\u00f3 tambi\u00e9n con la Conferencia Mundial sobre el Clima celebrada en 1979 en Ginebra, en la que se lleg\u00f3 a la conclusi\u00f3n de que \u00abes urgente que las naciones del mundo prevean y eviten los cambios clim\u00e1ticos provocados por el hombre que puedan ser adversos para el bienestar de la humanidad\u00bb. Como dice Rochette,&nbsp;<em>Le Transperceneige<\/em>&nbsp;\u00abera una forma c\u00ednica de decir \u201ctodos vamos a morir\u201d\u00bb.<\/p>\n\n\n\n<h2><strong>\u00abSufre del optimismo equivocado de los condenados\u00bb<\/strong><\/h2>\n\n\n\n<h4><strong>Le Transperceneige\u00a0tuvo un seguimiento de culto durante d\u00e9cadas antes de convertirse en\u00a0Snowpiercer. Jacques Lob rechaz\u00f3 varias propuestas de adaptaci\u00f3n debido a visiones contradictorias. La propia versi\u00f3n de Bong Joon-ho, ahora muy bien considerada, solo se produjo gracias a una mezcla de casualidad, astucia y confrontaci\u00f3n con los estudios.<\/strong><\/h4>\n\n\n\n<p>En 2005, Bong encontr\u00f3 un ejemplar traducido de&nbsp;<em>Le Transperceneige<\/em>&nbsp;en una librer\u00eda de c\u00f3mics de Se\u00fal. Lo ley\u00f3 en el acto y se empe\u00f1\u00f3 en adaptarlo. Este \u00abacto de amor\u00bb, como dijo Jean-Marc Rochette, puso las cosas en marcha: \u00abA diferencia de todos esos cineastas o productores que compran los derechos de un c\u00f3mic de \u00e9xito pensando que el guion gr\u00e1fico ya est\u00e1 hecho, [el director Bong] fue a buscar un viejo c\u00f3mic radical, olvidado en un caj\u00f3n polvoriento\u00bb.<\/p>\n\n\n\n<p>No es de extra\u00f1ar que algo en esta historia sin sol de jerarqu\u00edas claustrof\u00f3bicas tocara la fibra sensible de Bong. Como estudiante de la Universidad de Yonsei a finales de los 80, Bong particip\u00f3 en las temibles luchas por la democracia y la reunificaci\u00f3n contra el r\u00e9gimen del militar Chun Doo-hwan. Bong era dibujante del peri\u00f3dico estudiantil y, al igual que el joven Jean-Marc Rochette, tambi\u00e9n particip\u00f3 con sus compa\u00f1eros en la elaboraci\u00f3n de c\u00f3cteles molotov para rechazar los brutales ataques de la polic\u00eda. Estas protestas masivas acabaron desembocando en unas elecciones democr\u00e1ticas en Corea del Sur. Fue una \u00e9poca de extrema agitaci\u00f3n y esperanza. Como lo describe Bong:<\/p>\n\n\n\n<p>Odi\u00e1bamos ir a clase (\u2026) Todos los d\u00edas eran iguales: protestar durante el d\u00eda, beber por la noche. Salvo algunas personas, no ten\u00edamos mucha fe en los profesores de la \u00e9poca. As\u00ed que formamos grupos de estudio propios sobre pol\u00edtica, est\u00e9tica e historia. Beb\u00edamos hasta altas horas de la noche, hablando y debatiendo (\u2026) No soy el tipo de persona a la que le gusta estar metida en un grupo, as\u00ed que incluso mientras protest\u00e1bamos, me iba a ver una pel\u00edcula. Los dirigentes probablemente pensaron que yo era un mal activista.<\/p>\n\n\n\n<p>Bong trabaj\u00f3 estrechamente con Rochette para adaptar&nbsp;<em>Le Transperceneige<\/em>, manteniendo y actualizando el ritmo alocado y la sensaci\u00f3n on\u00edrica del original. Los pasajeros de cola y los trabajadores siguieron siendo los protagonistas, algo relativamente innegociable para Bong, que admiti\u00f3 con orgullo que \u00abel 99% de mis h\u00e9roes proceden de las clases bajas, y creo que es una forma honesta de tratar a las personas, en el sentido de que es lo m\u00e1s universal\u00bb.<\/p>\n\n\n\n<p>En lugar de un ingeniero-tirano de \u00e9lite, Bong cre\u00f3 al Sr. Wilford, un \u00abvisionario\u00bb capitalista con un sentido de s\u00ed mismo mortalmente grande. Tilda Swinton es la protagonista de la truculenta aduladora de Wilford, la ministra Mason. La actriz imagin\u00f3 al ahora legendario personaje como Margaret Thatcher antes de las clases de elocuci\u00f3n, \u00abmezclado [con] todos los payasos locos megal\u00f3manos cobardes que los canales de noticias nos muestran cada d\u00eda\u00bb.<\/p>\n\n\n\n<p>Jacques Lob quer\u00eda que los trabajadores tomaran el control del sistema; Jean-Marc Rochette quer\u00eda que escaparan de \u00e9l. Bong explic\u00f3 que su adaptaci\u00f3n se debate precisamente con estas cuestiones: \u00ab\u00bfEs m\u00e1s revolucionario querer tomar el control de la sociedad que te oprime o intentar escapar de ese sistema por completo?\u00ab. La pel\u00edcula se decanta finalmente por lo segundo, aunque su pol\u00edtica est\u00e1 pintada a grandes rasgos. Que su conclusi\u00f3n sea comunista o nihilista depender\u00e1 de la interpretaci\u00f3n del espectador.<\/p>\n\n\n\n<p>Harvey Weinstein \u2014el productor de la pel\u00edcula que, como el Sr. Wilford, disfrutaba estampando su nombre en las cosas\u2014 la odiaba. Insisti\u00f3 en cortar los elementos m\u00e1s extremos. El p\u00fablico de prueba acab\u00f3 prefiriendo la visi\u00f3n expresionista de Bong a la literal de Weinstein, y el productor, ahora deshonrado, castig\u00f3 a Bong con un estreno limitado en cines. En una conferencia de prensa en la que se regode\u00f3, Weinstein afirm\u00f3 que la versi\u00f3n de Bong le hac\u00eda parecer un genio en comparaci\u00f3n. Cuando se le pregunt\u00f3 si pensaba retirarse, Weinstein mostr\u00f3 niveles de amenaza y delirio dignos de Wilford al decir que \u00able gustar\u00eda dirigir una peque\u00f1a naci\u00f3n caribe\u00f1a. Algo con un ej\u00e9rcito\u00bb.<\/p>\n\n\n\n<p>Este no iba a ser el \u00faltimo enfrentamiento de&nbsp;<em>Snowpiercer<\/em>&nbsp;con los fan\u00e1ticos del control. Un a\u00f1o m\u00e1s tarde, la presidenta surcoreana Park Geun-hye \u2014cuyo padre, dictador militar, fue el mentor de Chun Doo-hwan, antiguo presidente-enemigo de Bong\u2014 incluy\u00f3 a \u00e9ste en la lista negra junto con otros diez mil artistas surcoreanos. Los paranoicos censores de Park afirmaron \u2014no del todo inexactos\u2014 que&nbsp;<em>Snowpiercer<\/em>&nbsp;\u00abniega la legitimidad de la econom\u00eda de mercado y provoca resistencia social\u00bb. Bong describe la lista negra de autores de izquierdas como \u00abunos a\u00f1os de pesadilla\u00bb que \u00abdejaron a muchos artistas surcoreanos profundamente traumatizados\u00bb. Pero tambi\u00e9n se convirti\u00f3 en una de las chispas de las protestas masivas que hicieron caer el r\u00e9gimen corrupto de Park en 2017.<\/p>\n\n\n\n<h2><strong>\u00abPrimero, el clima cambi\u00f3\u2026\u00bb<\/strong><\/h2>\n\n\n\n<h4><strong>La novela gr\u00e1fica original se produjo en medio de feroces batallas globales y locales sobre la distribuci\u00f3n de la energ\u00eda y los recursos, de funestas advertencias sobre la inminente cat\u00e1strofe ecol\u00f3gica y de una confiada nueva hornada de realistas capitalistas que declaraban que \u00abno hay alternativa\u00bb.<\/strong><\/h4>\n\n\n\n<p>Cuatro d\u00e9cadas m\u00e1s tarde, el v\u00ednculo de&nbsp;<em>Snowpiercer<\/em>&nbsp;entre las luchas medioambientales y de clase parece m\u00e1s estrecho. Su descripci\u00f3n de la \u00e9lite gobernante \u2014prisioneros enfermizamente encantados del impulso de su propio sistema\u2014 suena m\u00e1s verdadera que nunca. La \u00faltima iteraci\u00f3n de la franquicia es la serie disponible en Netflix, ahora en su tercera temporada. El director de la serie, Graeme Manson, afirma que&nbsp;<em>Snowpiercer<\/em>&nbsp;\u00abtiene una profunda historia de divisi\u00f3n de clases en su n\u00facleo\u00bb:<\/p>\n\n\n\n<p>Trata sobre el desequilibrio, los privilegios, el encarcelamiento y la inmigraci\u00f3n. Estas cosas suenan muy bien ahora. Deber\u00edan sonar en cualquier \u00e9poca, pero aqu\u00ed, en esta \u00e9poca de COVID-19, podemos ver las divisiones tan claras como el d\u00eda. Son los m\u00e1s desfavorecidos los que pagan el mayor coste de estos desastres, y siempre ha sido as\u00ed. Vemos c\u00f3mo se mueven las maquinaciones del capitalismo del desastre en estos momentos. \u00bfNo cre\u00edas que pod\u00edamos ser tan insensibles? Pi\u00e9nsalo de nuevo.<\/p>\n\n\n\n<p>A pesar de haberse producido en una \u00e9poca de cinismo y desesperaci\u00f3n generalizados, la nueva&nbsp;<em>Snowpiercer<\/em>&nbsp;es m\u00e1s esperanzadora que sus predecesoras. Juega con \u00abescapar\u00bb del sistema como Rochette y Bong, pero tambi\u00e9n est\u00e1 m\u00e1s dispuesta a escenificar los experimentos democr\u00e1ticos de un movimiento de la clase trabajadora que ha tomado el poder para s\u00ed mismo. Su retrato de los vacilantes de segunda clase \u2014atra\u00eddos tanto por la dominaci\u00f3n de primera clase como por la \u00abrevoluci\u00f3n de tercera clase\u00bb\u2014 es sin duda lo m\u00e1s marxista de Netflix.<\/p>\n\n\n\n<p><em>Snowpiercer<\/em>\u00a0se pregunta qu\u00e9 pasa cuando decimos no a la dominaci\u00f3n de los recursos y las personas por parte de la \u00e9lite, sabiendo muy bien que los Messmers, Parks, Weinsteins y Wilfords del mundo no estar\u00e1n contentos. Y si fruncir el ce\u00f1o no es lo tuyo, simplemente abraza el g\u00e9nero: v\u00edvelo como un\u00a0<em>Asalto al tren de Glasgow<\/em>\u00a0para la generaci\u00f3n de la huelga clim\u00e1tica o una versi\u00f3n de acci\u00f3n y aventura del Dilema del tranv\u00eda. En 2022, puede que nos resulte m\u00e1s f\u00e1cil imaginar el fin del mundo que el fin del capitalismo; este nuevo\u00a0<em>Snowpiercer<\/em>\u00a0nos invita a probar ambos.<\/p>\n\n\n\n<p>(Nota publicada originalmente en JacobinLat)<\/p>\n\n\n\n<p><\/p>\n","protected":false},"excerpt":{"rendered":"<div class=\"mh-excerpt\"><p>La franquicia\u00a0Snowpiercer\u00a0cumple 40 a\u00f1os. Las luchas y las derrotas de la era del cambio clim\u00e1tico han envalentonado y desanimado a sus creadores por turnos, pero el dilema clave que plantean -si destrozar el sistema o tomar el control- sigue siendo v\u00e1lido. <a class=\"mh-excerpt-more\" href=\"https:\/\/sonambula.com.ar\/synco\/?p=2517\" title=\"Snowpiercer imagina el fin del mundo (y del capitalismo)\">[&#8230;]<\/a><\/p>\n<\/div>","protected":false},"author":1,"featured_media":2518,"comment_status":"closed","ping_status":"open","sticky":false,"template":"","format":"standard","meta":[],"categories":[16,15],"tags":[208,207,206,22,205],"yoast_head":"<!-- This site is optimized with the Yoast SEO plugin v17.4 - https:\/\/yoast.com\/wordpress\/plugins\/seo\/ -->\n<title>Snowpiercer imagina el fin del mundo (y del capitalismo) - Proyecto Synco<\/title>\n<meta name=\"robots\" content=\"index, follow, max-snippet:-1, max-image-preview:large, max-video-preview:-1\" \/>\n<link rel=\"canonical\" href=\"https:\/\/sonambula.com.ar\/synco\/?p=2517\" \/>\n<meta property=\"og:locale\" content=\"es_ES\" \/>\n<meta property=\"og:type\" content=\"article\" \/>\n<meta property=\"og:title\" content=\"Snowpiercer imagina el fin del mundo (y del capitalismo) - Proyecto Synco\" \/>\n<meta property=\"og:description\" content=\"La franquicia\u00a0Snowpiercer\u00a0cumple 40 a\u00f1os. Las luchas y las derrotas de la era del cambio clim\u00e1tico han envalentonado y desanimado a sus creadores por turnos, pero el dilema clave que plantean -si destrozar el sistema o tomar el control- sigue siendo v\u00e1lido. [...]\" \/>\n<meta property=\"og:url\" content=\"https:\/\/sonambula.com.ar\/synco\/?p=2517\" \/>\n<meta property=\"og:site_name\" content=\"Proyecto Synco\" \/>\n<meta property=\"article:published_time\" content=\"2022-03-07T18:56:41+00:00\" \/>\n<meta property=\"article:modified_time\" content=\"2022-03-07T18:57:00+00:00\" \/>\n<meta property=\"og:image\" content=\"https:\/\/sonambula.com.ar\/synco\/wp-content\/uploads\/2022\/03\/snowpiercer.jpg\" \/>\n\t<meta property=\"og:image:width\" content=\"1057\" \/>\n\t<meta property=\"og:image:height\" content=\"562\" \/>\n<meta name=\"twitter:card\" content=\"summary_large_image\" \/>\n<meta name=\"twitter:label1\" content=\"Escrito por\" \/>\n\t<meta name=\"twitter:data1\" content=\"Synco\" \/>\n\t<meta name=\"twitter:label2\" content=\"Tiempo de lectura\" \/>\n\t<meta name=\"twitter:data2\" content=\"10 minutos\" \/>\n<script type=\"application\/ld+json\" class=\"yoast-schema-graph\">{\"@context\":\"https:\/\/schema.org\",\"@graph\":[{\"@type\":\"WebSite\",\"@id\":\"https:\/\/sonambula.com.ar\/synco\/#website\",\"url\":\"https:\/\/sonambula.com.ar\/synco\/\",\"name\":\"Proyecto Synco\",\"description\":\"Observatorio de ciencia ficci\\u00f3n, tecnolog\\u00eda y futuros\",\"potentialAction\":[{\"@type\":\"SearchAction\",\"target\":{\"@type\":\"EntryPoint\",\"urlTemplate\":\"https:\/\/sonambula.com.ar\/synco\/?s={search_term_string}\"},\"query-input\":\"required name=search_term_string\"}],\"inLanguage\":\"es\"},{\"@type\":\"ImageObject\",\"@id\":\"https:\/\/sonambula.com.ar\/synco\/?p=2517#primaryimage\",\"inLanguage\":\"es\",\"url\":\"https:\/\/sonambula.com.ar\/synco\/wp-content\/uploads\/2022\/03\/snowpiercer.jpg\",\"contentUrl\":\"https:\/\/sonambula.com.ar\/synco\/wp-content\/uploads\/2022\/03\/snowpiercer.jpg\",\"width\":1057,\"height\":562},{\"@type\":\"WebPage\",\"@id\":\"https:\/\/sonambula.com.ar\/synco\/?p=2517#webpage\",\"url\":\"https:\/\/sonambula.com.ar\/synco\/?p=2517\",\"name\":\"Snowpiercer imagina el fin del mundo (y del capitalismo) - Proyecto Synco\",\"isPartOf\":{\"@id\":\"https:\/\/sonambula.com.ar\/synco\/#website\"},\"primaryImageOfPage\":{\"@id\":\"https:\/\/sonambula.com.ar\/synco\/?p=2517#primaryimage\"},\"datePublished\":\"2022-03-07T18:56:41+00:00\",\"dateModified\":\"2022-03-07T18:57:00+00:00\",\"author\":{\"@id\":\"https:\/\/sonambula.com.ar\/synco\/#\/schema\/person\/b433eadf728c36224fee48b67d3ca4ed\"},\"breadcrumb\":{\"@id\":\"https:\/\/sonambula.com.ar\/synco\/?p=2517#breadcrumb\"},\"inLanguage\":\"es\",\"potentialAction\":[{\"@type\":\"ReadAction\",\"target\":[\"https:\/\/sonambula.com.ar\/synco\/?p=2517\"]}]},{\"@type\":\"BreadcrumbList\",\"@id\":\"https:\/\/sonambula.com.ar\/synco\/?p=2517#breadcrumb\",\"itemListElement\":[{\"@type\":\"ListItem\",\"position\":1,\"name\":\"Portada\",\"item\":\"https:\/\/sonambula.com.ar\/synco\/\"},{\"@type\":\"ListItem\",\"position\":2,\"name\":\"Snowpiercer imagina el fin del mundo (y del capitalismo)\"}]},{\"@type\":\"Person\",\"@id\":\"https:\/\/sonambula.com.ar\/synco\/#\/schema\/person\/b433eadf728c36224fee48b67d3ca4ed\",\"name\":\"Synco\",\"image\":{\"@type\":\"ImageObject\",\"@id\":\"https:\/\/sonambula.com.ar\/synco\/#personlogo\",\"inLanguage\":\"es\",\"url\":\"https:\/\/secure.gravatar.com\/avatar\/417982e64e8517c66f546625d675f2b6?s=96&d=mm&r=g\",\"contentUrl\":\"https:\/\/secure.gravatar.com\/avatar\/417982e64e8517c66f546625d675f2b6?s=96&d=mm&r=g\",\"caption\":\"Synco\"},\"url\":\"https:\/\/sonambula.com.ar\/synco\/?author=1\"}]}<\/script>\n<!-- \/ Yoast SEO plugin. -->","yoast_head_json":{"title":"Snowpiercer imagina el fin del mundo (y del capitalismo) - Proyecto Synco","robots":{"index":"index","follow":"follow","max-snippet":"max-snippet:-1","max-image-preview":"max-image-preview:large","max-video-preview":"max-video-preview:-1"},"canonical":"https:\/\/sonambula.com.ar\/synco\/?p=2517","og_locale":"es_ES","og_type":"article","og_title":"Snowpiercer imagina el fin del mundo (y del capitalismo) - Proyecto Synco","og_description":"La franquicia\u00a0Snowpiercer\u00a0cumple 40 a\u00f1os. Las luchas y las derrotas de la era del cambio clim\u00e1tico han envalentonado y desanimado a sus creadores por turnos, pero el dilema clave que plantean -si destrozar el sistema o tomar el control- sigue siendo v\u00e1lido. [...]","og_url":"https:\/\/sonambula.com.ar\/synco\/?p=2517","og_site_name":"Proyecto Synco","article_published_time":"2022-03-07T18:56:41+00:00","article_modified_time":"2022-03-07T18:57:00+00:00","og_image":[{"width":1057,"height":562,"url":"https:\/\/sonambula.com.ar\/synco\/wp-content\/uploads\/2022\/03\/snowpiercer.jpg","type":"image\/jpeg"}],"twitter_card":"summary_large_image","twitter_misc":{"Escrito por":"Synco","Tiempo de lectura":"10 minutos"},"schema":{"@context":"https:\/\/schema.org","@graph":[{"@type":"WebSite","@id":"https:\/\/sonambula.com.ar\/synco\/#website","url":"https:\/\/sonambula.com.ar\/synco\/","name":"Proyecto Synco","description":"Observatorio de ciencia ficci\u00f3n, tecnolog\u00eda y futuros","potentialAction":[{"@type":"SearchAction","target":{"@type":"EntryPoint","urlTemplate":"https:\/\/sonambula.com.ar\/synco\/?s={search_term_string}"},"query-input":"required name=search_term_string"}],"inLanguage":"es"},{"@type":"ImageObject","@id":"https:\/\/sonambula.com.ar\/synco\/?p=2517#primaryimage","inLanguage":"es","url":"https:\/\/sonambula.com.ar\/synco\/wp-content\/uploads\/2022\/03\/snowpiercer.jpg","contentUrl":"https:\/\/sonambula.com.ar\/synco\/wp-content\/uploads\/2022\/03\/snowpiercer.jpg","width":1057,"height":562},{"@type":"WebPage","@id":"https:\/\/sonambula.com.ar\/synco\/?p=2517#webpage","url":"https:\/\/sonambula.com.ar\/synco\/?p=2517","name":"Snowpiercer imagina el fin del mundo (y del capitalismo) - Proyecto Synco","isPartOf":{"@id":"https:\/\/sonambula.com.ar\/synco\/#website"},"primaryImageOfPage":{"@id":"https:\/\/sonambula.com.ar\/synco\/?p=2517#primaryimage"},"datePublished":"2022-03-07T18:56:41+00:00","dateModified":"2022-03-07T18:57:00+00:00","author":{"@id":"https:\/\/sonambula.com.ar\/synco\/#\/schema\/person\/b433eadf728c36224fee48b67d3ca4ed"},"breadcrumb":{"@id":"https:\/\/sonambula.com.ar\/synco\/?p=2517#breadcrumb"},"inLanguage":"es","potentialAction":[{"@type":"ReadAction","target":["https:\/\/sonambula.com.ar\/synco\/?p=2517"]}]},{"@type":"BreadcrumbList","@id":"https:\/\/sonambula.com.ar\/synco\/?p=2517#breadcrumb","itemListElement":[{"@type":"ListItem","position":1,"name":"Portada","item":"https:\/\/sonambula.com.ar\/synco\/"},{"@type":"ListItem","position":2,"name":"Snowpiercer imagina el fin del mundo (y del capitalismo)"}]},{"@type":"Person","@id":"https:\/\/sonambula.com.ar\/synco\/#\/schema\/person\/b433eadf728c36224fee48b67d3ca4ed","name":"Synco","image":{"@type":"ImageObject","@id":"https:\/\/sonambula.com.ar\/synco\/#personlogo","inLanguage":"es","url":"https:\/\/secure.gravatar.com\/avatar\/417982e64e8517c66f546625d675f2b6?s=96&d=mm&r=g","contentUrl":"https:\/\/secure.gravatar.com\/avatar\/417982e64e8517c66f546625d675f2b6?s=96&d=mm&r=g","caption":"Synco"},"url":"https:\/\/sonambula.com.ar\/synco\/?author=1"}]}},"_links":{"self":[{"href":"https:\/\/sonambula.com.ar\/synco\/index.php?rest_route=\/wp\/v2\/posts\/2517"}],"collection":[{"href":"https:\/\/sonambula.com.ar\/synco\/index.php?rest_route=\/wp\/v2\/posts"}],"about":[{"href":"https:\/\/sonambula.com.ar\/synco\/index.php?rest_route=\/wp\/v2\/types\/post"}],"author":[{"embeddable":true,"href":"https:\/\/sonambula.com.ar\/synco\/index.php?rest_route=\/wp\/v2\/users\/1"}],"replies":[{"embeddable":true,"href":"https:\/\/sonambula.com.ar\/synco\/index.php?rest_route=%2Fwp%2Fv2%2Fcomments&post=2517"}],"version-history":[{"count":2,"href":"https:\/\/sonambula.com.ar\/synco\/index.php?rest_route=\/wp\/v2\/posts\/2517\/revisions"}],"predecessor-version":[{"id":2521,"href":"https:\/\/sonambula.com.ar\/synco\/index.php?rest_route=\/wp\/v2\/posts\/2517\/revisions\/2521"}],"wp:featuredmedia":[{"embeddable":true,"href":"https:\/\/sonambula.com.ar\/synco\/index.php?rest_route=\/wp\/v2\/media\/2518"}],"wp:attachment":[{"href":"https:\/\/sonambula.com.ar\/synco\/index.php?rest_route=%2Fwp%2Fv2%2Fmedia&parent=2517"}],"wp:term":[{"taxonomy":"category","embeddable":true,"href":"https:\/\/sonambula.com.ar\/synco\/index.php?rest_route=%2Fwp%2Fv2%2Fcategories&post=2517"},{"taxonomy":"post_tag","embeddable":true,"href":"https:\/\/sonambula.com.ar\/synco\/index.php?rest_route=%2Fwp%2Fv2%2Ftags&post=2517"}],"curies":[{"name":"wp","href":"https:\/\/api.w.org\/{rel}","templated":true}]}}