{"id":2529,"date":"2022-03-27T19:15:53","date_gmt":"2022-03-27T19:15:53","guid":{"rendered":"https:\/\/proyectosynco.com\/?p=2529"},"modified":"2022-03-31T17:54:55","modified_gmt":"2022-03-31T17:54:55","slug":"sombra-y-luz-de-rafael-pinedo","status":"publish","type":"post","link":"https:\/\/sonambula.com.ar\/synco\/?p=2529","title":{"rendered":"Sombra y luz de Rafael Pinedo"},"content":{"rendered":"\n<p><strong>\/\/ Por Luc\u00eda Vazquez<\/strong><\/p>\n\n\n\n<p>Luc\u00eda Vazquez rese\u00f1a I<em>nmersi\u00f3n. Una imagen proyectada sobre Rafael Pinedo<\/em>, de Mariano Vespa, una investigaci\u00f3n biogr\u00e1fica publicada hace algunos meses por Tren en movimiento ediciones que gan\u00f3 el premio de novela Mar\u00eda Elena Walsh en 2019.<\/p>\n\n\n\n<p>.<\/p>\n\n\n\n<p><\/p>\n\n\n\n<p class=\"has-text-align-left\">Este a\u00f1o se public\u00f3 el libro de Mariano Vespa sobre Rafael Pinedo, una figura de nuestra literatura tan fascinante como enigm\u00e1tica. Ganador del premio Mar\u00eda Elena Walsh de novela 2019, el texto breve (menos de 90 p\u00e1ginas, que incluyen material fotogr\u00e1fico) resulta un ejercicio de inmersi\u00f3n dispersa pero profunda en la vida y obra del creador de <em>Plop<\/em>. Vespa, que viene sobre todo del periodismo cultural, ensaya un perfil biogr\u00e1fico que incluye su propia pr\u00e1ctica de indagaci\u00f3n, al punto que, por momentos, el \u201cyo\u201d que enuncia cobra mayor protagonismo que el propio Pinedo. De ah\u00ed la imagen proyectada que completa el libro del t\u00edtulo. Quiz\u00e1, porque la figura de este escritor de culto ha tenido desde su muerte una influencia descomunal, como si no fuera posible hablar de Pinedo sin se\u00f1alar c\u00f3mo su imagen echa luz y sombra en quienes lo leen. Adem\u00e1s de dejarnos la joya que es <em>Plop<\/em>, un libro que sigue siendo \u00fanico a veinte a\u00f1os de su primera publicaci\u00f3n, tambi\u00e9n est\u00e1n las dos obras publicadas post-mortem en Interzona: <em>Fr\u00edo<\/em> y <em>Subte<\/em>. Gran parte de su potencia radica en lo que plant\u00f3 a futuro, su influjo en la producci\u00f3n y la cr\u00edtica literaria posterior.<\/p>\n\n\n\n<p><em>Inmersi\u00f3n<\/em> es un texto h\u00edbrido que combina el testimonio oral de quienes conocieron a Pinedo, la investigaci\u00f3n biogr\u00e1fica -que echa especial luz a la historia de su apellido- fotos familiares, la narraci\u00f3n del proceso de escritura. Vespa se muestra especialmente interesado por los g\u00e9neros autorreferenciales, y en este caso, es interesante c\u00f3mo le hace espacio a un escritor que tuvo tan poco tiempo para hablar de s\u00ed mismo. Cuando en 2002 <em>Plop<\/em> gana el premio Casa de las Am\u00e9ricas, Pinedo era apenas conocido para la cr\u00edtica. Indagando en su historia personal, nos enteramos de que sus contactos con el mundo literario no eran pocos ni menores: desde haber hecho taller con Laiseca hasta contar con la bendici\u00f3n de Fogwill. Vespa afina la imagen que se construy\u00f3 de Pinedo, la de ser un hombre que ven\u00eda del lado de la computaci\u00f3n que se hab\u00eda lanzado a escribir una de las obras m\u00e1s importantes de la literatura de nuestro siglo, proponiendo un recorrido biogr\u00e1fico que nos devela a un Pinedo actor, escritor, muy ligado al mundo art\u00edstico y -por familia- militante. Hay en el libro una serie de datos\/reliquias que, como los restos que habitan la llanura en la que vagan Plop y su tribu, se van significando casi por casualidad. Emulando de alguna manera la cadencia de <em>Plop<\/em>, el texto de Vespa va armando la imagen de un hombre como si de una tribu perdida se tratara. La fragmentaci\u00f3n de la informaci\u00f3n, la inquietud narrativa que no se queda en la linealidad, contribuyen a ampliar la fotograf\u00eda viva de un escritor que se muri\u00f3 demasiado pronto.<\/p>\n\n\n\n<div class=\"wp-block-image\"><figure class=\"alignright size-full\"><img decoding=\"async\" loading=\"lazy\" width=\"343\" height=\"562\" src=\"https:\/\/proyectosynco.com\/wp-content\/uploads\/2022\/03\/Inmersion.jpg\" alt=\"\" class=\"wp-image-2545\" srcset=\"https:\/\/sonambula.com.ar\/synco\/wp-content\/uploads\/2022\/03\/Inmersion.jpg 343w, https:\/\/sonambula.com.ar\/synco\/wp-content\/uploads\/2022\/03\/Inmersion-183x300.jpg 183w\" sizes=\"(max-width: 343px) 100vw, 343px\" \/><\/figure><\/div>\n\n\n\n<p>Hay en <em>Inmersi\u00f3n<\/em> un buen espacio dedicado a <em>Plop<\/em>, y esta estrategia contribuye a reconstruir a un Rafael Pinedo que no puede ser separado de su obra. Novela y hombre est\u00e1n conectados con indistinci\u00f3n: luego de leer <em>Inmersi\u00f3n<\/em> no queda solo la sensaci\u00f3n de que \u201cPinedo es el autor de <em>Plop<\/em>\u201d sino de que <em>Plop<\/em> es la obra de Pinedo. En este sentido, el libro de Vespa es completamente efectivo y muy l\u00facido a la hora de construir la figura del autor real, un hombre que en su vida no pod\u00eda estar m\u00e1s alejado del sadismo y la crueldad del mundo ficcional que se propuso crear. Al parecer Pinedo intu\u00eda, igual que muchxs, el \u201cdevenir apocal\u00edptico de la historia argentina\u201d y en plena crisis de 2001 concibe una imaginaci\u00f3n no did\u00e1ctica de un futuro que tambi\u00e9n es un pasado. Juntando sus influencias literarias, sus deseos personales (como querer publicar <em>Plop<\/em> en Minotauro), su manejo del lenguaje despojado por venir del mundo de la computaci\u00f3n y su incre\u00edble sensibilidad de \u00e9poca, Pinedo escribi\u00f3, puli\u00f3 y reedit\u00f3 una novela que hoy es un \u00edcono de la literatura de g\u00e9nero en nuestro pa\u00eds. Incansable, escribi\u00f3 hasta el \u00faltimo momento, pero su muerte abrupta no le permiti\u00f3 seguir indagando en esa brecha que hab\u00eda abierto, una brecha entre siglos, que de alguna manera permitir\u00eda la entrada de la ciencia ficci\u00f3n en la escena literaria contempor\u00e1nea.<\/p>\n\n\n\n<p>Al modo de <em>Plop<\/em>, entonces, el fragmento produce la sensaci\u00f3n al final del libro de que nos faltaron cosas y hay que volver. En este sentido <em>Inmersi\u00f3n<\/em> es un libro al que regresar varias veces, intuyendo que se encontrar\u00e1 algo nuevo cada vez. Como quedarse mirando esas fotos viejas que dejan ver un elemento que se nos hab\u00eda pasado. La figura de Rafael Pinedo es tambi\u00e9n eso, y este libro nos gu\u00eda de manera efectiva y afectiva en su arqueolog\u00eda.<\/p>\n","protected":false},"excerpt":{"rendered":"<div class=\"mh-excerpt\"><p>Luc\u00eda Vazquez rese\u00f1a Inmersi\u00f3n. Una imagen proyectada sobre Rafael Pinedo, de Mariano Vespa, una investigaci\u00f3n biogr\u00e1fica publicada hace algunos meses por Tren en movimiento ediciones que gan\u00f3 el premio de novela Mar\u00eda Elena Walsh en 2019. <a class=\"mh-excerpt-more\" href=\"https:\/\/sonambula.com.ar\/synco\/?p=2529\" title=\"Sombra y luz de Rafael Pinedo\">[&#8230;]<\/a><\/p>\n<\/div>","protected":false},"author":1,"featured_media":2544,"comment_status":"closed","ping_status":"closed","sticky":false,"template":"","format":"standard","meta":[],"categories":[16,15],"tags":[33,214,34,215,22],"yoast_head":"<!-- This site is optimized with the Yoast SEO plugin v17.4 - https:\/\/yoast.com\/wordpress\/plugins\/seo\/ -->\n<title>Sombra y luz de Rafael Pinedo - Proyecto Synco<\/title>\n<meta name=\"robots\" content=\"index, follow, max-snippet:-1, max-image-preview:large, max-video-preview:-1\" \/>\n<link rel=\"canonical\" href=\"https:\/\/sonambula.com.ar\/synco\/?p=2529\" \/>\n<meta property=\"og:locale\" content=\"es_ES\" \/>\n<meta property=\"og:type\" content=\"article\" \/>\n<meta property=\"og:title\" content=\"Sombra y luz de Rafael Pinedo - Proyecto Synco\" \/>\n<meta property=\"og:description\" content=\"Luc\u00eda Vazquez rese\u00f1a Inmersi\u00f3n. Una imagen proyectada sobre Rafael Pinedo, de Mariano Vespa, una investigaci\u00f3n biogr\u00e1fica publicada hace algunos meses por Tren en movimiento ediciones que gan\u00f3 el premio de novela Mar\u00eda Elena Walsh en 2019. [...]\" \/>\n<meta property=\"og:url\" content=\"https:\/\/sonambula.com.ar\/synco\/?p=2529\" \/>\n<meta property=\"og:site_name\" content=\"Proyecto Synco\" \/>\n<meta property=\"article:published_time\" content=\"2022-03-27T19:15:53+00:00\" \/>\n<meta property=\"article:modified_time\" content=\"2022-03-31T17:54:55+00:00\" \/>\n<meta property=\"og:image\" content=\"https:\/\/sonambula.com.ar\/synco\/wp-content\/uploads\/2022\/03\/pinedo-1.jpg\" \/>\n\t<meta property=\"og:image:width\" content=\"1000\" \/>\n\t<meta property=\"og:image:height\" content=\"562\" \/>\n<meta name=\"twitter:card\" content=\"summary_large_image\" \/>\n<meta name=\"twitter:label1\" content=\"Escrito por\" \/>\n\t<meta name=\"twitter:data1\" content=\"Synco\" \/>\n\t<meta name=\"twitter:label2\" content=\"Tiempo de lectura\" \/>\n\t<meta name=\"twitter:data2\" content=\"4 minutos\" \/>\n<script type=\"application\/ld+json\" class=\"yoast-schema-graph\">{\"@context\":\"https:\/\/schema.org\",\"@graph\":[{\"@type\":\"WebSite\",\"@id\":\"https:\/\/sonambula.com.ar\/synco\/#website\",\"url\":\"https:\/\/sonambula.com.ar\/synco\/\",\"name\":\"Proyecto Synco\",\"description\":\"Observatorio de ciencia ficci\\u00f3n, tecnolog\\u00eda y futuros\",\"potentialAction\":[{\"@type\":\"SearchAction\",\"target\":{\"@type\":\"EntryPoint\",\"urlTemplate\":\"https:\/\/sonambula.com.ar\/synco\/?s={search_term_string}\"},\"query-input\":\"required name=search_term_string\"}],\"inLanguage\":\"es\"},{\"@type\":\"ImageObject\",\"@id\":\"https:\/\/sonambula.com.ar\/synco\/?p=2529#primaryimage\",\"inLanguage\":\"es\",\"url\":\"https:\/\/sonambula.com.ar\/synco\/wp-content\/uploads\/2022\/03\/pinedo-1.jpg\",\"contentUrl\":\"https:\/\/sonambula.com.ar\/synco\/wp-content\/uploads\/2022\/03\/pinedo-1.jpg\",\"width\":1000,\"height\":562},{\"@type\":\"WebPage\",\"@id\":\"https:\/\/sonambula.com.ar\/synco\/?p=2529#webpage\",\"url\":\"https:\/\/sonambula.com.ar\/synco\/?p=2529\",\"name\":\"Sombra y luz de Rafael Pinedo - Proyecto Synco\",\"isPartOf\":{\"@id\":\"https:\/\/sonambula.com.ar\/synco\/#website\"},\"primaryImageOfPage\":{\"@id\":\"https:\/\/sonambula.com.ar\/synco\/?p=2529#primaryimage\"},\"datePublished\":\"2022-03-27T19:15:53+00:00\",\"dateModified\":\"2022-03-31T17:54:55+00:00\",\"author\":{\"@id\":\"https:\/\/sonambula.com.ar\/synco\/#\/schema\/person\/b433eadf728c36224fee48b67d3ca4ed\"},\"breadcrumb\":{\"@id\":\"https:\/\/sonambula.com.ar\/synco\/?p=2529#breadcrumb\"},\"inLanguage\":\"es\",\"potentialAction\":[{\"@type\":\"ReadAction\",\"target\":[\"https:\/\/sonambula.com.ar\/synco\/?p=2529\"]}]},{\"@type\":\"BreadcrumbList\",\"@id\":\"https:\/\/sonambula.com.ar\/synco\/?p=2529#breadcrumb\",\"itemListElement\":[{\"@type\":\"ListItem\",\"position\":1,\"name\":\"Portada\",\"item\":\"https:\/\/sonambula.com.ar\/synco\/\"},{\"@type\":\"ListItem\",\"position\":2,\"name\":\"Sombra y luz de Rafael Pinedo\"}]},{\"@type\":\"Person\",\"@id\":\"https:\/\/sonambula.com.ar\/synco\/#\/schema\/person\/b433eadf728c36224fee48b67d3ca4ed\",\"name\":\"Synco\",\"image\":{\"@type\":\"ImageObject\",\"@id\":\"https:\/\/sonambula.com.ar\/synco\/#personlogo\",\"inLanguage\":\"es\",\"url\":\"https:\/\/secure.gravatar.com\/avatar\/417982e64e8517c66f546625d675f2b6?s=96&d=mm&r=g\",\"contentUrl\":\"https:\/\/secure.gravatar.com\/avatar\/417982e64e8517c66f546625d675f2b6?s=96&d=mm&r=g\",\"caption\":\"Synco\"},\"url\":\"https:\/\/sonambula.com.ar\/synco\/?author=1\"}]}<\/script>\n<!-- \/ Yoast SEO plugin. -->","yoast_head_json":{"title":"Sombra y luz de Rafael Pinedo - Proyecto Synco","robots":{"index":"index","follow":"follow","max-snippet":"max-snippet:-1","max-image-preview":"max-image-preview:large","max-video-preview":"max-video-preview:-1"},"canonical":"https:\/\/sonambula.com.ar\/synco\/?p=2529","og_locale":"es_ES","og_type":"article","og_title":"Sombra y luz de Rafael Pinedo - Proyecto Synco","og_description":"Luc\u00eda Vazquez rese\u00f1a Inmersi\u00f3n. Una imagen proyectada sobre Rafael Pinedo, de Mariano Vespa, una investigaci\u00f3n biogr\u00e1fica publicada hace algunos meses por Tren en movimiento ediciones que gan\u00f3 el premio de novela Mar\u00eda Elena Walsh en 2019. [...]","og_url":"https:\/\/sonambula.com.ar\/synco\/?p=2529","og_site_name":"Proyecto Synco","article_published_time":"2022-03-27T19:15:53+00:00","article_modified_time":"2022-03-31T17:54:55+00:00","og_image":[{"width":1000,"height":562,"url":"https:\/\/sonambula.com.ar\/synco\/wp-content\/uploads\/2022\/03\/pinedo-1.jpg","type":"image\/jpeg"}],"twitter_card":"summary_large_image","twitter_misc":{"Escrito por":"Synco","Tiempo de lectura":"4 minutos"},"schema":{"@context":"https:\/\/schema.org","@graph":[{"@type":"WebSite","@id":"https:\/\/sonambula.com.ar\/synco\/#website","url":"https:\/\/sonambula.com.ar\/synco\/","name":"Proyecto Synco","description":"Observatorio de ciencia ficci\u00f3n, tecnolog\u00eda y futuros","potentialAction":[{"@type":"SearchAction","target":{"@type":"EntryPoint","urlTemplate":"https:\/\/sonambula.com.ar\/synco\/?s={search_term_string}"},"query-input":"required name=search_term_string"}],"inLanguage":"es"},{"@type":"ImageObject","@id":"https:\/\/sonambula.com.ar\/synco\/?p=2529#primaryimage","inLanguage":"es","url":"https:\/\/sonambula.com.ar\/synco\/wp-content\/uploads\/2022\/03\/pinedo-1.jpg","contentUrl":"https:\/\/sonambula.com.ar\/synco\/wp-content\/uploads\/2022\/03\/pinedo-1.jpg","width":1000,"height":562},{"@type":"WebPage","@id":"https:\/\/sonambula.com.ar\/synco\/?p=2529#webpage","url":"https:\/\/sonambula.com.ar\/synco\/?p=2529","name":"Sombra y luz de Rafael Pinedo - Proyecto Synco","isPartOf":{"@id":"https:\/\/sonambula.com.ar\/synco\/#website"},"primaryImageOfPage":{"@id":"https:\/\/sonambula.com.ar\/synco\/?p=2529#primaryimage"},"datePublished":"2022-03-27T19:15:53+00:00","dateModified":"2022-03-31T17:54:55+00:00","author":{"@id":"https:\/\/sonambula.com.ar\/synco\/#\/schema\/person\/b433eadf728c36224fee48b67d3ca4ed"},"breadcrumb":{"@id":"https:\/\/sonambula.com.ar\/synco\/?p=2529#breadcrumb"},"inLanguage":"es","potentialAction":[{"@type":"ReadAction","target":["https:\/\/sonambula.com.ar\/synco\/?p=2529"]}]},{"@type":"BreadcrumbList","@id":"https:\/\/sonambula.com.ar\/synco\/?p=2529#breadcrumb","itemListElement":[{"@type":"ListItem","position":1,"name":"Portada","item":"https:\/\/sonambula.com.ar\/synco\/"},{"@type":"ListItem","position":2,"name":"Sombra y luz de Rafael Pinedo"}]},{"@type":"Person","@id":"https:\/\/sonambula.com.ar\/synco\/#\/schema\/person\/b433eadf728c36224fee48b67d3ca4ed","name":"Synco","image":{"@type":"ImageObject","@id":"https:\/\/sonambula.com.ar\/synco\/#personlogo","inLanguage":"es","url":"https:\/\/secure.gravatar.com\/avatar\/417982e64e8517c66f546625d675f2b6?s=96&d=mm&r=g","contentUrl":"https:\/\/secure.gravatar.com\/avatar\/417982e64e8517c66f546625d675f2b6?s=96&d=mm&r=g","caption":"Synco"},"url":"https:\/\/sonambula.com.ar\/synco\/?author=1"}]}},"_links":{"self":[{"href":"https:\/\/sonambula.com.ar\/synco\/index.php?rest_route=\/wp\/v2\/posts\/2529"}],"collection":[{"href":"https:\/\/sonambula.com.ar\/synco\/index.php?rest_route=\/wp\/v2\/posts"}],"about":[{"href":"https:\/\/sonambula.com.ar\/synco\/index.php?rest_route=\/wp\/v2\/types\/post"}],"author":[{"embeddable":true,"href":"https:\/\/sonambula.com.ar\/synco\/index.php?rest_route=\/wp\/v2\/users\/1"}],"replies":[{"embeddable":true,"href":"https:\/\/sonambula.com.ar\/synco\/index.php?rest_route=%2Fwp%2Fv2%2Fcomments&post=2529"}],"version-history":[{"count":9,"href":"https:\/\/sonambula.com.ar\/synco\/index.php?rest_route=\/wp\/v2\/posts\/2529\/revisions"}],"predecessor-version":[{"id":2548,"href":"https:\/\/sonambula.com.ar\/synco\/index.php?rest_route=\/wp\/v2\/posts\/2529\/revisions\/2548"}],"wp:featuredmedia":[{"embeddable":true,"href":"https:\/\/sonambula.com.ar\/synco\/index.php?rest_route=\/wp\/v2\/media\/2544"}],"wp:attachment":[{"href":"https:\/\/sonambula.com.ar\/synco\/index.php?rest_route=%2Fwp%2Fv2%2Fmedia&parent=2529"}],"wp:term":[{"taxonomy":"category","embeddable":true,"href":"https:\/\/sonambula.com.ar\/synco\/index.php?rest_route=%2Fwp%2Fv2%2Fcategories&post=2529"},{"taxonomy":"post_tag","embeddable":true,"href":"https:\/\/sonambula.com.ar\/synco\/index.php?rest_route=%2Fwp%2Fv2%2Ftags&post=2529"}],"curies":[{"name":"wp","href":"https:\/\/api.w.org\/{rel}","templated":true}]}}