{"id":349,"date":"2019-05-09T00:13:46","date_gmt":"2019-05-09T00:13:46","guid":{"rendered":"http:\/\/proyectosynco.com\/?p=349"},"modified":"2019-05-09T03:42:23","modified_gmt":"2019-05-09T03:42:23","slug":"eventos","status":"publish","type":"post","link":"https:\/\/sonambula.com.ar\/synco\/?p=349","title":{"rendered":"Eventos"},"content":{"rendered":"\n<div class=\"wp-block-image\"><figure class=\"alignright is-resized\"><img decoding=\"async\" loading=\"lazy\" src=\"http:\/\/proyectosynco.com\/wp-content\/uploads\/2019\/05\/Portico-1024x768.jpeg\" alt=\"\" class=\"wp-image-354\" width=\"376\" height=\"282\" srcset=\"https:\/\/sonambula.com.ar\/synco\/wp-content\/uploads\/2019\/05\/Portico-1024x768.jpeg 1024w, https:\/\/sonambula.com.ar\/synco\/wp-content\/uploads\/2019\/05\/Portico-300x225.jpeg 300w, https:\/\/sonambula.com.ar\/synco\/wp-content\/uploads\/2019\/05\/Portico-768x576.jpeg 768w, https:\/\/sonambula.com.ar\/synco\/wp-content\/uploads\/2019\/05\/Portico-678x509.jpeg 678w, https:\/\/sonambula.com.ar\/synco\/wp-content\/uploads\/2019\/05\/Portico-326x245.jpeg 326w, https:\/\/sonambula.com.ar\/synco\/wp-content\/uploads\/2019\/05\/Portico-80x60.jpeg 80w, https:\/\/sonambula.com.ar\/synco\/wp-content\/uploads\/2019\/05\/Portico.jpeg 1040w\" sizes=\"(max-width: 376px) 100vw, 376px\" \/><\/figure><\/div>\n\n\n\n<h2>Festival P\u00f3rtico<\/h2>\n\n\n\n<p>Durante el mes de abril de abril se realiz\u00f3 la V edici\u00f3n del Festival P\u00f3rtico &#8211; Encuentro de Ciencia Ficci\u00f3n en la facultad de Ingenier\u00eda de La Plata. Synco particip\u00f3 de la mesa de Diversidad sexogen\u00e9rica en el imaginario de la ciencia ficci\u00f3n. <\/p>\n\n\n\n<div style=\"height:150px\" aria-hidden=\"true\" class=\"wp-block-spacer\"><\/div>\n\n\n\n<div class=\"wp-block-image\"><figure class=\"alignleft is-resized\"><img decoding=\"async\" loading=\"lazy\" src=\"http:\/\/proyectosynco.com\/wp-content\/uploads\/2019\/05\/56640194_537881323401578_9118962116328423424_n-1024x768.jpg\" alt=\"\" class=\"wp-image-357\" width=\"376\" height=\"282\" srcset=\"https:\/\/sonambula.com.ar\/synco\/wp-content\/uploads\/2019\/05\/56640194_537881323401578_9118962116328423424_n-1024x768.jpg 1024w, https:\/\/sonambula.com.ar\/synco\/wp-content\/uploads\/2019\/05\/56640194_537881323401578_9118962116328423424_n-300x225.jpg 300w, https:\/\/sonambula.com.ar\/synco\/wp-content\/uploads\/2019\/05\/56640194_537881323401578_9118962116328423424_n-768x576.jpg 768w, https:\/\/sonambula.com.ar\/synco\/wp-content\/uploads\/2019\/05\/56640194_537881323401578_9118962116328423424_n-678x509.jpg 678w, https:\/\/sonambula.com.ar\/synco\/wp-content\/uploads\/2019\/05\/56640194_537881323401578_9118962116328423424_n-326x245.jpg 326w, https:\/\/sonambula.com.ar\/synco\/wp-content\/uploads\/2019\/05\/56640194_537881323401578_9118962116328423424_n-80x60.jpg 80w, https:\/\/sonambula.com.ar\/synco\/wp-content\/uploads\/2019\/05\/56640194_537881323401578_9118962116328423424_n.jpg 2048w\" sizes=\"(max-width: 376px) 100vw, 376px\" \/><\/figure><\/div>\n\n\n\n<h2>Taller Futuridades Feministas<\/h2>\n\n\n<p>Un nuevo taller de Synco, coordinado por Laura Ponce y Michelle Arturi, donde se propusieron indagar los cruces posibles entre la imaginaci\u00f3n cr\u00edtica de subjetividades y futuros. Una lectura de los procedimientos literarios en su dimensi\u00f3n pol\u00edtica y de las intervenciones pol\u00edticas feministas en tanto pr\u00e1cticas radicales de imaginaci\u00f3n de mundos y formas de vida.&nbsp;<\/p>\n\n\n<div style=\"height:150px\" aria-hidden=\"true\" class=\"wp-block-spacer\"><\/div>\n\n\n\n<div class=\"wp-block-image\"><figure class=\"alignright is-resized\"><img decoding=\"async\" loading=\"lazy\" src=\"http:\/\/proyectosynco.com\/wp-content\/uploads\/2019\/05\/proyecci\u00f3n-la-jetee-2.jpg\" alt=\"\" class=\"wp-image-404\" width=\"413\" height=\"268\" srcset=\"https:\/\/sonambula.com.ar\/synco\/wp-content\/uploads\/2019\/05\/proyecci\u00f3n-la-jetee-2.jpg 960w, https:\/\/sonambula.com.ar\/synco\/wp-content\/uploads\/2019\/05\/proyecci\u00f3n-la-jetee-2-300x195.jpg 300w, https:\/\/sonambula.com.ar\/synco\/wp-content\/uploads\/2019\/05\/proyecci\u00f3n-la-jetee-2-768x498.jpg 768w\" sizes=\"(max-width: 413px) 100vw, 413px\" \/><\/figure><\/div>\n\n\n\n<h2>Proyecci\u00f3n de La Jet\u00e9e<\/h2>\n\n\n\n<p>En diciembre del 2018 desde Synco nos propusimos cerrar el a\u00f1o de talleres con la proyecci\u00f3n de La Jet\u00e9e de Chris Marker en la librer\u00eda de La Coop. Porque, ante que nada, camarader\u00eda, cerveza y \u00f1o\u00f1ez.  <\/p>\n","protected":false},"excerpt":{"rendered":"<div class=\"mh-excerpt\"><p>Festival P\u00f3rtico Durante el mes de abril de abril se realiz\u00f3 la V edici\u00f3n del Festival P\u00f3rtico &#8211; Encuentro de Ciencia Ficci\u00f3n en la facultad de Ingenier\u00eda de La Plata. Synco particip\u00f3 de la mesa <a class=\"mh-excerpt-more\" href=\"https:\/\/sonambula.com.ar\/synco\/?p=349\" title=\"Eventos\">[&#8230;]<\/a><\/p>\n<\/div>","protected":false},"author":1,"featured_media":0,"comment_status":"closed","ping_status":"open","sticky":false,"template":"template-full.php","format":"standard","meta":[],"categories":[18],"tags":[],"yoast_head":"<!-- This site is optimized with the Yoast SEO plugin v17.4 - https:\/\/yoast.com\/wordpress\/plugins\/seo\/ -->\n<title>Eventos - Proyecto Synco<\/title>\n<meta name=\"robots\" content=\"index, follow, max-snippet:-1, max-image-preview:large, max-video-preview:-1\" \/>\n<link rel=\"canonical\" href=\"https:\/\/sonambula.com.ar\/synco\/?p=349\" \/>\n<meta property=\"og:locale\" content=\"es_ES\" \/>\n<meta property=\"og:type\" content=\"article\" \/>\n<meta property=\"og:title\" content=\"Eventos - Proyecto Synco\" \/>\n<meta property=\"og:description\" content=\"Festival P\u00f3rtico Durante el mes de abril de abril se realiz\u00f3 la V edici\u00f3n del Festival P\u00f3rtico &#8211; Encuentro de Ciencia Ficci\u00f3n en la facultad de Ingenier\u00eda de La Plata. Synco particip\u00f3 de la mesa [...]\" \/>\n<meta property=\"og:url\" content=\"https:\/\/sonambula.com.ar\/synco\/?p=349\" \/>\n<meta property=\"og:site_name\" content=\"Proyecto Synco\" \/>\n<meta property=\"article:published_time\" content=\"2019-05-09T00:13:46+00:00\" \/>\n<meta property=\"article:modified_time\" content=\"2019-05-09T03:42:23+00:00\" \/>\n<meta property=\"og:image\" content=\"http:\/\/proyectosynco.com\/wp-content\/uploads\/2019\/05\/Portico-1024x768.jpeg\" \/>\n<meta name=\"twitter:card\" content=\"summary_large_image\" \/>\n<meta name=\"twitter:label1\" content=\"Escrito por\" \/>\n\t<meta name=\"twitter:data1\" content=\"Synco\" \/>\n\t<meta name=\"twitter:label2\" content=\"Tiempo de lectura\" \/>\n\t<meta name=\"twitter:data2\" content=\"1 minuto\" \/>\n<script type=\"application\/ld+json\" class=\"yoast-schema-graph\">{\"@context\":\"https:\/\/schema.org\",\"@graph\":[{\"@type\":\"WebSite\",\"@id\":\"https:\/\/sonambula.com.ar\/synco\/#website\",\"url\":\"https:\/\/sonambula.com.ar\/synco\/\",\"name\":\"Proyecto Synco\",\"description\":\"Observatorio de ciencia ficci\\u00f3n, tecnolog\\u00eda y futuros\",\"potentialAction\":[{\"@type\":\"SearchAction\",\"target\":{\"@type\":\"EntryPoint\",\"urlTemplate\":\"https:\/\/sonambula.com.ar\/synco\/?s={search_term_string}\"},\"query-input\":\"required name=search_term_string\"}],\"inLanguage\":\"es\"},{\"@type\":\"ImageObject\",\"@id\":\"https:\/\/sonambula.com.ar\/synco\/?p=349#primaryimage\",\"inLanguage\":\"es\",\"url\":\"http:\/\/proyectosynco.com\/wp-content\/uploads\/2019\/05\/Portico-1024x768.jpeg\",\"contentUrl\":\"http:\/\/proyectosynco.com\/wp-content\/uploads\/2019\/05\/Portico-1024x768.jpeg\"},{\"@type\":\"WebPage\",\"@id\":\"https:\/\/sonambula.com.ar\/synco\/?p=349#webpage\",\"url\":\"https:\/\/sonambula.com.ar\/synco\/?p=349\",\"name\":\"Eventos - Proyecto Synco\",\"isPartOf\":{\"@id\":\"https:\/\/sonambula.com.ar\/synco\/#website\"},\"primaryImageOfPage\":{\"@id\":\"https:\/\/sonambula.com.ar\/synco\/?p=349#primaryimage\"},\"datePublished\":\"2019-05-09T00:13:46+00:00\",\"dateModified\":\"2019-05-09T03:42:23+00:00\",\"author\":{\"@id\":\"https:\/\/sonambula.com.ar\/synco\/#\/schema\/person\/b433eadf728c36224fee48b67d3ca4ed\"},\"breadcrumb\":{\"@id\":\"https:\/\/sonambula.com.ar\/synco\/?p=349#breadcrumb\"},\"inLanguage\":\"es\",\"potentialAction\":[{\"@type\":\"ReadAction\",\"target\":[\"https:\/\/sonambula.com.ar\/synco\/?p=349\"]}]},{\"@type\":\"BreadcrumbList\",\"@id\":\"https:\/\/sonambula.com.ar\/synco\/?p=349#breadcrumb\",\"itemListElement\":[{\"@type\":\"ListItem\",\"position\":1,\"name\":\"Portada\",\"item\":\"https:\/\/sonambula.com.ar\/synco\/\"},{\"@type\":\"ListItem\",\"position\":2,\"name\":\"Eventos\"}]},{\"@type\":\"Person\",\"@id\":\"https:\/\/sonambula.com.ar\/synco\/#\/schema\/person\/b433eadf728c36224fee48b67d3ca4ed\",\"name\":\"Synco\",\"image\":{\"@type\":\"ImageObject\",\"@id\":\"https:\/\/sonambula.com.ar\/synco\/#personlogo\",\"inLanguage\":\"es\",\"url\":\"https:\/\/secure.gravatar.com\/avatar\/417982e64e8517c66f546625d675f2b6?s=96&d=mm&r=g\",\"contentUrl\":\"https:\/\/secure.gravatar.com\/avatar\/417982e64e8517c66f546625d675f2b6?s=96&d=mm&r=g\",\"caption\":\"Synco\"},\"url\":\"https:\/\/sonambula.com.ar\/synco\/?author=1\"}]}<\/script>\n<!-- \/ Yoast SEO plugin. -->","yoast_head_json":{"title":"Eventos - Proyecto Synco","robots":{"index":"index","follow":"follow","max-snippet":"max-snippet:-1","max-image-preview":"max-image-preview:large","max-video-preview":"max-video-preview:-1"},"canonical":"https:\/\/sonambula.com.ar\/synco\/?p=349","og_locale":"es_ES","og_type":"article","og_title":"Eventos - Proyecto Synco","og_description":"Festival P\u00f3rtico Durante el mes de abril de abril se realiz\u00f3 la V edici\u00f3n del Festival P\u00f3rtico &#8211; Encuentro de Ciencia Ficci\u00f3n en la facultad de Ingenier\u00eda de La Plata. Synco particip\u00f3 de la mesa [...]","og_url":"https:\/\/sonambula.com.ar\/synco\/?p=349","og_site_name":"Proyecto Synco","article_published_time":"2019-05-09T00:13:46+00:00","article_modified_time":"2019-05-09T03:42:23+00:00","og_image":[{"url":"http:\/\/proyectosynco.com\/wp-content\/uploads\/2019\/05\/Portico-1024x768.jpeg"}],"twitter_card":"summary_large_image","twitter_misc":{"Escrito por":"Synco","Tiempo de lectura":"1 minuto"},"schema":{"@context":"https:\/\/schema.org","@graph":[{"@type":"WebSite","@id":"https:\/\/sonambula.com.ar\/synco\/#website","url":"https:\/\/sonambula.com.ar\/synco\/","name":"Proyecto Synco","description":"Observatorio de ciencia ficci\u00f3n, tecnolog\u00eda y futuros","potentialAction":[{"@type":"SearchAction","target":{"@type":"EntryPoint","urlTemplate":"https:\/\/sonambula.com.ar\/synco\/?s={search_term_string}"},"query-input":"required name=search_term_string"}],"inLanguage":"es"},{"@type":"ImageObject","@id":"https:\/\/sonambula.com.ar\/synco\/?p=349#primaryimage","inLanguage":"es","url":"http:\/\/proyectosynco.com\/wp-content\/uploads\/2019\/05\/Portico-1024x768.jpeg","contentUrl":"http:\/\/proyectosynco.com\/wp-content\/uploads\/2019\/05\/Portico-1024x768.jpeg"},{"@type":"WebPage","@id":"https:\/\/sonambula.com.ar\/synco\/?p=349#webpage","url":"https:\/\/sonambula.com.ar\/synco\/?p=349","name":"Eventos - Proyecto Synco","isPartOf":{"@id":"https:\/\/sonambula.com.ar\/synco\/#website"},"primaryImageOfPage":{"@id":"https:\/\/sonambula.com.ar\/synco\/?p=349#primaryimage"},"datePublished":"2019-05-09T00:13:46+00:00","dateModified":"2019-05-09T03:42:23+00:00","author":{"@id":"https:\/\/sonambula.com.ar\/synco\/#\/schema\/person\/b433eadf728c36224fee48b67d3ca4ed"},"breadcrumb":{"@id":"https:\/\/sonambula.com.ar\/synco\/?p=349#breadcrumb"},"inLanguage":"es","potentialAction":[{"@type":"ReadAction","target":["https:\/\/sonambula.com.ar\/synco\/?p=349"]}]},{"@type":"BreadcrumbList","@id":"https:\/\/sonambula.com.ar\/synco\/?p=349#breadcrumb","itemListElement":[{"@type":"ListItem","position":1,"name":"Portada","item":"https:\/\/sonambula.com.ar\/synco\/"},{"@type":"ListItem","position":2,"name":"Eventos"}]},{"@type":"Person","@id":"https:\/\/sonambula.com.ar\/synco\/#\/schema\/person\/b433eadf728c36224fee48b67d3ca4ed","name":"Synco","image":{"@type":"ImageObject","@id":"https:\/\/sonambula.com.ar\/synco\/#personlogo","inLanguage":"es","url":"https:\/\/secure.gravatar.com\/avatar\/417982e64e8517c66f546625d675f2b6?s=96&d=mm&r=g","contentUrl":"https:\/\/secure.gravatar.com\/avatar\/417982e64e8517c66f546625d675f2b6?s=96&d=mm&r=g","caption":"Synco"},"url":"https:\/\/sonambula.com.ar\/synco\/?author=1"}]}},"_links":{"self":[{"href":"https:\/\/sonambula.com.ar\/synco\/index.php?rest_route=\/wp\/v2\/posts\/349"}],"collection":[{"href":"https:\/\/sonambula.com.ar\/synco\/index.php?rest_route=\/wp\/v2\/posts"}],"about":[{"href":"https:\/\/sonambula.com.ar\/synco\/index.php?rest_route=\/wp\/v2\/types\/post"}],"author":[{"embeddable":true,"href":"https:\/\/sonambula.com.ar\/synco\/index.php?rest_route=\/wp\/v2\/users\/1"}],"replies":[{"embeddable":true,"href":"https:\/\/sonambula.com.ar\/synco\/index.php?rest_route=%2Fwp%2Fv2%2Fcomments&post=349"}],"version-history":[{"count":7,"href":"https:\/\/sonambula.com.ar\/synco\/index.php?rest_route=\/wp\/v2\/posts\/349\/revisions"}],"predecessor-version":[{"id":406,"href":"https:\/\/sonambula.com.ar\/synco\/index.php?rest_route=\/wp\/v2\/posts\/349\/revisions\/406"}],"wp:attachment":[{"href":"https:\/\/sonambula.com.ar\/synco\/index.php?rest_route=%2Fwp%2Fv2%2Fmedia&parent=349"}],"wp:term":[{"taxonomy":"category","embeddable":true,"href":"https:\/\/sonambula.com.ar\/synco\/index.php?rest_route=%2Fwp%2Fv2%2Fcategories&post=349"},{"taxonomy":"post_tag","embeddable":true,"href":"https:\/\/sonambula.com.ar\/synco\/index.php?rest_route=%2Fwp%2Fv2%2Ftags&post=349"}],"curies":[{"name":"wp","href":"https:\/\/api.w.org\/{rel}","templated":true}]}}