{"id":5,"date":"2019-06-21T19:39:12","date_gmt":"2019-06-21T19:39:12","guid":{"rendered":"http:\/\/proyectosynco.com\/?p=5"},"modified":"2019-06-24T23:02:39","modified_gmt":"2019-06-24T23:02:39","slug":"proyecto-synco","status":"publish","type":"post","link":"https:\/\/sonambula.com.ar\/synco\/?p=5","title":{"rendered":"La c\u00e1mara in\u00fatil"},"content":{"rendered":"<p><strong>Por <a href=\"https:\/\/www.facebook.com\/malenaqu\" target=\"_blank\" rel=\"noopener noreferrer\">Malena Q<\/a><\/strong><\/p>\n<p><span style=\"font-weight: 400;\">El caballo de Turin transcurre en un tiempo pasado. La imagen de una casa solitaria, un camino de tierra surcado por las ruedas de madera de un carro y los cascos del caballo que lo empuja. Un hombre, tan cansado como su animal, vuelve de realizar la actividad que le provee el sustento.<\/span><\/p>\n<p><span style=\"font-weight: 400;\">El verde fantasmal de las colinas s\u00f3lo se puede imaginar porque la imagen renuncia al color desde el comienzo, como tambi\u00e9n renunciar\u00e1 de todos los componentes materiales de la impresi\u00f3n f\u00edlmica de manera gradual, la luz, el sonido.<\/span><\/p>\n<p><span style=\"font-weight: 400;\">Esta desintegraci\u00f3n progresiva se revela tambi\u00e9n en el relato, su motivo m\u00ednimo son las acciones cotidianas de un padre y una hija que se repiten d\u00eda tras d\u00eda. De a poco, se ven afectadas por la descomposici\u00f3n de la vitalidad del mundo. El caballo deja de comer, y en consecuencia el hombre ya no puede trabajar. El viento sopla cada vez m\u00e1s fuerte, el sol se extingue, el aire comienza a agotarse y se convierte as\u00ed, en vac\u00edo.<\/span><\/p>\n<p><span style=\"font-weight: 400;\">Pero \u00bfQu\u00e9 es lo que se apaga? \u00bfUna forma de vida? \u00bfUna temporalidad? \u00bfUn modo de trabajo? <\/span><\/p>\n<p><span style=\"font-weight: 400;\">Desde lo formal, los planos secuencia conforman una temporalidad continua. La actividad de lxs campesinxs, aislados de una posible organizaci\u00f3n en la ciudad, responden a un tiempo intuitivo, condicionado por los vaivenes clim\u00e1ticos y &nbsp;por la disposici\u00f3n de los animales, una temporalidad orientada al quehacer, dir\u00eda E.P. Thompson. Hay una incompatibilidad t\u00e1cita, si pensamos en lo otro, lo que aparece como extra\u00f1o, y como tal, imposible de exhibir. Una nueva forma est\u00e1 surgiendo, la producci\u00f3n <\/span><span style=\"font-weight: 400;\">en cadena<\/span><span style=\"font-weight: 400;\"> que propone una fragmentaci\u00f3n, un tiempo cronometrado y definido para la producci\u00f3n en la f\u00e1brica. La impronta maqu\u00ednica acecha desde el fuera de campo.<\/span><\/p>\n<p><span style=\"font-weight: 400;\">Relato, forma y sustento t\u00e9cnico se entraman. <\/span><\/p>\n<p><span style=\"font-weight: 400;\">\u00bfPuede la c\u00e1mara, el objeto t\u00e9cnico que registra para luego producir e incluso solapar sentidos y experiencias de duraci\u00f3n, captar la experiencia de una \u00e9poca anterior, cuando su propia temporalidad es heredada de la m\u00e1quina? <\/span><\/p>\n<p><span style=\"font-weight: 400;\">Lo que se disuelve en el universo-relato tiene una correlaci\u00f3n directa con la disoluci\u00f3n del material mismo de la composici\u00f3n t\u00e9cnica. La c\u00e1mara queda in\u00fatil, los elementos f\u00edsicos que hacen posible la propagaci\u00f3n misma de la imagen y el sonido, aire, luz, abandonan el set.<\/span><\/p>\n<p><span style=\"font-weight: 400;\">Un tiempo que responde a otra naturaleza parece imposible de reproducir, reconstituir, por un artefacto que se origina en otra relaci\u00f3n productiva.<\/span><\/p>\n<p><span style=\"font-weight: 400;\">El hombre del caballo y su hija ven la extinci\u00f3n de su mundo con un gesto ap\u00e1tico, sin \u00e1nimo de protesta o lucha, sin el impulso de querer conocer sus causas. <\/span><\/p>\n<p><span style=\"font-weight: 400;\">La c\u00e1mara no est\u00e1 rota, queda a la espera de un tiempo que sea accesible para su mecanismo, la impresi\u00f3n del mundo fragmentada en intervalos regulares propulsados por sus engranajes. Exposici\u00f3n y obturaci\u00f3n.<\/span><\/p>\n","protected":false},"excerpt":{"rendered":"<div class=\"mh-excerpt\"><p>Lectura breve de Malena Q sobre la pel\u00edcula El caballo de Turin <a class=\"mh-excerpt-more\" href=\"https:\/\/sonambula.com.ar\/synco\/?p=5\" title=\"La c\u00e1mara in\u00fatil\">[&#8230;]<\/a><\/p>\n<\/div>","protected":false},"author":1,"featured_media":53,"comment_status":"closed","ping_status":"open","sticky":false,"template":"","format":"standard","meta":[],"categories":[5],"tags":[2],"yoast_head":"<!-- This site is optimized with the Yoast SEO plugin v17.4 - https:\/\/yoast.com\/wordpress\/plugins\/seo\/ -->\n<title>La c\u00e1mara in\u00fatil - Proyecto Synco<\/title>\n<meta name=\"robots\" content=\"index, follow, max-snippet:-1, max-image-preview:large, max-video-preview:-1\" \/>\n<link rel=\"canonical\" href=\"https:\/\/sonambula.com.ar\/synco\/?p=5\" \/>\n<meta property=\"og:locale\" content=\"es_ES\" \/>\n<meta property=\"og:type\" content=\"article\" \/>\n<meta property=\"og:title\" content=\"La c\u00e1mara in\u00fatil - Proyecto Synco\" \/>\n<meta property=\"og:description\" content=\"Lectura breve de Malena Q sobre la pel\u00edcula El caballo de Turin [...]\" \/>\n<meta property=\"og:url\" content=\"https:\/\/sonambula.com.ar\/synco\/?p=5\" \/>\n<meta property=\"og:site_name\" content=\"Proyecto Synco\" \/>\n<meta property=\"article:published_time\" content=\"2019-06-21T19:39:12+00:00\" \/>\n<meta property=\"article:modified_time\" content=\"2019-06-24T23:02:39+00:00\" \/>\n<meta property=\"og:image\" content=\"https:\/\/sonambula.com.ar\/synco\/wp-content\/uploads\/2018\/12\/Turin.jpg\" \/>\n\t<meta property=\"og:image:width\" content=\"800\" \/>\n\t<meta property=\"og:image:height\" content=\"464\" \/>\n<meta name=\"twitter:card\" content=\"summary_large_image\" \/>\n<meta name=\"twitter:label1\" content=\"Escrito por\" \/>\n\t<meta name=\"twitter:data1\" content=\"Synco\" \/>\n\t<meta name=\"twitter:label2\" content=\"Tiempo de lectura\" \/>\n\t<meta name=\"twitter:data2\" content=\"3 minutos\" \/>\n<script type=\"application\/ld+json\" class=\"yoast-schema-graph\">{\"@context\":\"https:\/\/schema.org\",\"@graph\":[{\"@type\":\"WebSite\",\"@id\":\"https:\/\/sonambula.com.ar\/synco\/#website\",\"url\":\"https:\/\/sonambula.com.ar\/synco\/\",\"name\":\"Proyecto Synco\",\"description\":\"Observatorio de ciencia ficci\\u00f3n, tecnolog\\u00eda y futuros\",\"potentialAction\":[{\"@type\":\"SearchAction\",\"target\":{\"@type\":\"EntryPoint\",\"urlTemplate\":\"https:\/\/sonambula.com.ar\/synco\/?s={search_term_string}\"},\"query-input\":\"required name=search_term_string\"}],\"inLanguage\":\"es\"},{\"@type\":\"ImageObject\",\"@id\":\"https:\/\/sonambula.com.ar\/synco\/?p=5#primaryimage\",\"inLanguage\":\"es\",\"url\":\"https:\/\/sonambula.com.ar\/synco\/wp-content\/uploads\/2018\/12\/Turin.jpg\",\"contentUrl\":\"https:\/\/sonambula.com.ar\/synco\/wp-content\/uploads\/2018\/12\/Turin.jpg\",\"width\":800,\"height\":464},{\"@type\":\"WebPage\",\"@id\":\"https:\/\/sonambula.com.ar\/synco\/?p=5#webpage\",\"url\":\"https:\/\/sonambula.com.ar\/synco\/?p=5\",\"name\":\"La c\\u00e1mara in\\u00fatil - Proyecto Synco\",\"isPartOf\":{\"@id\":\"https:\/\/sonambula.com.ar\/synco\/#website\"},\"primaryImageOfPage\":{\"@id\":\"https:\/\/sonambula.com.ar\/synco\/?p=5#primaryimage\"},\"datePublished\":\"2019-06-21T19:39:12+00:00\",\"dateModified\":\"2019-06-24T23:02:39+00:00\",\"author\":{\"@id\":\"https:\/\/sonambula.com.ar\/synco\/#\/schema\/person\/b433eadf728c36224fee48b67d3ca4ed\"},\"breadcrumb\":{\"@id\":\"https:\/\/sonambula.com.ar\/synco\/?p=5#breadcrumb\"},\"inLanguage\":\"es\",\"potentialAction\":[{\"@type\":\"ReadAction\",\"target\":[\"https:\/\/sonambula.com.ar\/synco\/?p=5\"]}]},{\"@type\":\"BreadcrumbList\",\"@id\":\"https:\/\/sonambula.com.ar\/synco\/?p=5#breadcrumb\",\"itemListElement\":[{\"@type\":\"ListItem\",\"position\":1,\"name\":\"Portada\",\"item\":\"https:\/\/sonambula.com.ar\/synco\/\"},{\"@type\":\"ListItem\",\"position\":2,\"name\":\"La c\\u00e1mara in\\u00fatil\"}]},{\"@type\":\"Person\",\"@id\":\"https:\/\/sonambula.com.ar\/synco\/#\/schema\/person\/b433eadf728c36224fee48b67d3ca4ed\",\"name\":\"Synco\",\"image\":{\"@type\":\"ImageObject\",\"@id\":\"https:\/\/sonambula.com.ar\/synco\/#personlogo\",\"inLanguage\":\"es\",\"url\":\"https:\/\/secure.gravatar.com\/avatar\/417982e64e8517c66f546625d675f2b6?s=96&d=mm&r=g\",\"contentUrl\":\"https:\/\/secure.gravatar.com\/avatar\/417982e64e8517c66f546625d675f2b6?s=96&d=mm&r=g\",\"caption\":\"Synco\"},\"url\":\"https:\/\/sonambula.com.ar\/synco\/?author=1\"}]}<\/script>\n<!-- \/ Yoast SEO plugin. -->","yoast_head_json":{"title":"La c\u00e1mara in\u00fatil - Proyecto Synco","robots":{"index":"index","follow":"follow","max-snippet":"max-snippet:-1","max-image-preview":"max-image-preview:large","max-video-preview":"max-video-preview:-1"},"canonical":"https:\/\/sonambula.com.ar\/synco\/?p=5","og_locale":"es_ES","og_type":"article","og_title":"La c\u00e1mara in\u00fatil - Proyecto Synco","og_description":"Lectura breve de Malena Q sobre la pel\u00edcula El caballo de Turin [...]","og_url":"https:\/\/sonambula.com.ar\/synco\/?p=5","og_site_name":"Proyecto Synco","article_published_time":"2019-06-21T19:39:12+00:00","article_modified_time":"2019-06-24T23:02:39+00:00","og_image":[{"width":800,"height":464,"url":"https:\/\/sonambula.com.ar\/synco\/wp-content\/uploads\/2018\/12\/Turin.jpg","type":"image\/jpeg"}],"twitter_card":"summary_large_image","twitter_misc":{"Escrito por":"Synco","Tiempo de lectura":"3 minutos"},"schema":{"@context":"https:\/\/schema.org","@graph":[{"@type":"WebSite","@id":"https:\/\/sonambula.com.ar\/synco\/#website","url":"https:\/\/sonambula.com.ar\/synco\/","name":"Proyecto Synco","description":"Observatorio de ciencia ficci\u00f3n, tecnolog\u00eda y futuros","potentialAction":[{"@type":"SearchAction","target":{"@type":"EntryPoint","urlTemplate":"https:\/\/sonambula.com.ar\/synco\/?s={search_term_string}"},"query-input":"required name=search_term_string"}],"inLanguage":"es"},{"@type":"ImageObject","@id":"https:\/\/sonambula.com.ar\/synco\/?p=5#primaryimage","inLanguage":"es","url":"https:\/\/sonambula.com.ar\/synco\/wp-content\/uploads\/2018\/12\/Turin.jpg","contentUrl":"https:\/\/sonambula.com.ar\/synco\/wp-content\/uploads\/2018\/12\/Turin.jpg","width":800,"height":464},{"@type":"WebPage","@id":"https:\/\/sonambula.com.ar\/synco\/?p=5#webpage","url":"https:\/\/sonambula.com.ar\/synco\/?p=5","name":"La c\u00e1mara in\u00fatil - Proyecto Synco","isPartOf":{"@id":"https:\/\/sonambula.com.ar\/synco\/#website"},"primaryImageOfPage":{"@id":"https:\/\/sonambula.com.ar\/synco\/?p=5#primaryimage"},"datePublished":"2019-06-21T19:39:12+00:00","dateModified":"2019-06-24T23:02:39+00:00","author":{"@id":"https:\/\/sonambula.com.ar\/synco\/#\/schema\/person\/b433eadf728c36224fee48b67d3ca4ed"},"breadcrumb":{"@id":"https:\/\/sonambula.com.ar\/synco\/?p=5#breadcrumb"},"inLanguage":"es","potentialAction":[{"@type":"ReadAction","target":["https:\/\/sonambula.com.ar\/synco\/?p=5"]}]},{"@type":"BreadcrumbList","@id":"https:\/\/sonambula.com.ar\/synco\/?p=5#breadcrumb","itemListElement":[{"@type":"ListItem","position":1,"name":"Portada","item":"https:\/\/sonambula.com.ar\/synco\/"},{"@type":"ListItem","position":2,"name":"La c\u00e1mara in\u00fatil"}]},{"@type":"Person","@id":"https:\/\/sonambula.com.ar\/synco\/#\/schema\/person\/b433eadf728c36224fee48b67d3ca4ed","name":"Synco","image":{"@type":"ImageObject","@id":"https:\/\/sonambula.com.ar\/synco\/#personlogo","inLanguage":"es","url":"https:\/\/secure.gravatar.com\/avatar\/417982e64e8517c66f546625d675f2b6?s=96&d=mm&r=g","contentUrl":"https:\/\/secure.gravatar.com\/avatar\/417982e64e8517c66f546625d675f2b6?s=96&d=mm&r=g","caption":"Synco"},"url":"https:\/\/sonambula.com.ar\/synco\/?author=1"}]}},"_links":{"self":[{"href":"https:\/\/sonambula.com.ar\/synco\/index.php?rest_route=\/wp\/v2\/posts\/5"}],"collection":[{"href":"https:\/\/sonambula.com.ar\/synco\/index.php?rest_route=\/wp\/v2\/posts"}],"about":[{"href":"https:\/\/sonambula.com.ar\/synco\/index.php?rest_route=\/wp\/v2\/types\/post"}],"author":[{"embeddable":true,"href":"https:\/\/sonambula.com.ar\/synco\/index.php?rest_route=\/wp\/v2\/users\/1"}],"replies":[{"embeddable":true,"href":"https:\/\/sonambula.com.ar\/synco\/index.php?rest_route=%2Fwp%2Fv2%2Fcomments&post=5"}],"version-history":[{"count":8,"href":"https:\/\/sonambula.com.ar\/synco\/index.php?rest_route=\/wp\/v2\/posts\/5\/revisions"}],"predecessor-version":[{"id":460,"href":"https:\/\/sonambula.com.ar\/synco\/index.php?rest_route=\/wp\/v2\/posts\/5\/revisions\/460"}],"wp:featuredmedia":[{"embeddable":true,"href":"https:\/\/sonambula.com.ar\/synco\/index.php?rest_route=\/wp\/v2\/media\/53"}],"wp:attachment":[{"href":"https:\/\/sonambula.com.ar\/synco\/index.php?rest_route=%2Fwp%2Fv2%2Fmedia&parent=5"}],"wp:term":[{"taxonomy":"category","embeddable":true,"href":"https:\/\/sonambula.com.ar\/synco\/index.php?rest_route=%2Fwp%2Fv2%2Fcategories&post=5"},{"taxonomy":"post_tag","embeddable":true,"href":"https:\/\/sonambula.com.ar\/synco\/index.php?rest_route=%2Fwp%2Fv2%2Ftags&post=5"}],"curies":[{"name":"wp","href":"https:\/\/api.w.org\/{rel}","templated":true}]}}