{"id":997,"date":"2019-10-15T22:13:43","date_gmt":"2019-10-15T22:13:43","guid":{"rendered":"http:\/\/proyectosynco.com\/?p=997"},"modified":"2019-10-17T03:17:31","modified_gmt":"2019-10-17T03:17:31","slug":"colony-los-condenados-de-la-tierra","status":"publish","type":"post","link":"https:\/\/sonambula.com.ar\/synco\/?p=997","title":{"rendered":"Colony: Los condenados de la Tierra"},"content":{"rendered":"\n<p><strong>\/\/ Por Pedro Perucca<\/strong><\/p>\n\n\n\n<p><\/p>\n\n\n\n<p>La met\u00e1fora de la invasi\u00f3n alien\u00edgena de nuestro planeta ha servido a distintos objetivos en la historia de la literatura, el cine o la televisi\u00f3n. A veces como cr\u00edtica al imperialismo, poniendo a la raza humana en el lugar del oprimido que darwinianamente debe someterse a la civilizaci\u00f3n superior, y otras como catalizador para una resistencia humana contra la invasi\u00f3n que nos confirme como la especie dominante.<\/p>\n\n\n\n<p>El inventario es extenso, desde la pionera <em>La guerra de los mundos<\/em>, con la que H. G. Wells funda la ciencia ficci\u00f3n moderna (al menos seg\u00fan lo propone Pablo Capanna, que plantea que con ese texto de 1898 Wells \u201chabr\u00eda de hacer sentir a los hombres de la belle \u00e9poque era un viento helado de lo imprevisible que amenazaba las bases mismas de su civilizaci\u00f3n, la creencia optimista en un progreso lineal, la idea de que la civilizaci\u00f3n europea era la \u00fanica posible y sus metas las \u00fanicas civilizadas\u201d) hasta <em>El problema de los tres cuerpos<\/em>, de la pol\u00e9mica nueva estrella de la ciencia ficci\u00f3n china Liu Cixin, pasando por <em>Falling Skies<\/em> o nuestro querid\u00edsimo <em>El Eternauta<\/em>, por mencionar s\u00f3lo algunos productos muy diferentes entre s\u00ed.<\/p>\n\n\n\n<p>Las estrategias alien\u00edgenas para la conquista del mundo han sido diversas, desde la incursi\u00f3n militar abierta, como en <em>D\u00eda de la independencia<\/em>, cuando las naves comienzan por destruir la Casa Blanca, como s\u00edmbolo de la democracia terrestre, hasta finalmente ser derrotados por la alianza estrat\u00e9gica entre ciencia, pol\u00edtica y poder\u00edo militar humanos (siguiendo el esquema cl\u00e1sico de las pel\u00edculas de invasi\u00f3n analizadas por Susan Sontag en <em>La imaginaci\u00f3n del desastre<\/em>), u optar por una v\u00eda m\u00e1s sutil de infiltraci\u00f3n sigilosa e individual, como en <em>Los usurpadores de cuerpos<\/em> (cl\u00e1sicamente le\u00edda como una met\u00e1fora de los Estados Unidos bajo el macartismo, buscando detectar la aberraci\u00f3n comunista bajo la apariencia de normalidad), o apostar al enga\u00f1o diplom\u00e1tico, como en <em>V, invasi\u00f3n extraterrestre<\/em>, donde los malvados reptiles que nos quieren como plato fuerte se presentan de entrada como benefactores de la humanidad.<\/p>\n\n\n\n<p><em>Colony<\/em> es una serie dist\u00f3pica emitida por SyFi en tres temporadas entre 2016 y 2018 (cuando fue cancelada abruptamente), con guiones de Carlton Cuse, uno de los escritores de <em>Lost<\/em>, y protag\u00f3nicos de Josh Holloway (Sawyer en <em>Lost<\/em>) y Sarah Wayne Callies (Sara Tancredi en <em>Prision Break<\/em>), acompa\u00f1ados por un gran Peter Jacobson (Chris Taub en <em>Dr. House<\/em>). La serie parte de un planteo inicial que se corre de muchos de los lugares comunes del g\u00e9nero, pero nunca logra despegar del todo. Poco despu\u00e9s de su estreno, Stephen King la elogi\u00f3 planteando: \u201cEn un a\u00f1o de notables productos televisivos, <em>Colony<\/em> es realmente algo especial: inteligente, con suspenso, subversiva&#8230; provocadora\u201d. Si bien esta evaluaci\u00f3n inicial es exagerada, lo cierto es que se parte de algunas ideas interesantes, que luego aparecen y desaparecen en una evoluci\u00f3n con altibajos que pretende combinar muchos g\u00e9neros, desde el drama familiar hasta la novela diplom\u00e1tica, pasando por la serie de acci\u00f3n, el policial o la ciencia ficci\u00f3n pura y dura.<\/p>\n\n\n\n<p>Una de las primeras constataciones de \u00e9poca es que ya no se otea hacia el espacio con mirada posadista, como un \u00e1mbito de encuentro con inteligencias superiores y bondadosas, cuya m\u00e1xima expresi\u00f3n fue el hippismo inocente de las botellas al mar estelar de las Voyager, con cartas de amor a los alien\u00edgenas y la direcci\u00f3n de nuestra casa para que vengan cuando quieran. Hoy la teor\u00eda imperante es la del \u201cbosque oscuro\u201d, donde la mejor estrategia de supervivencia es tratar de hacer la menor cantidad de ruido posible para que los animales peligrosos no nos detecten, porque si fijan su atenci\u00f3n en nosotros ser\u00e1 para devorarnos. En cualquier caso, m\u00e1s all\u00e1 de que esta versi\u00f3n de las relaciones interplanetarias sea mucho m\u00e1s horrible que la de los aliens comunistas J. Posadas o de la CF sovi\u00e9tica, no resulta menos antropom\u00f3rfica culturalmente. Los ETs pueden ser bondadosos maestros o tropas de asalto, pero siempre ser\u00e1n algo que encaje en nuestras categor\u00edas, cuando lo m\u00e1s probable (y lo m\u00e1s desafiante ficcionalmente) es la existencia de ese abismo comunicacional que est\u00e1 en la base de la hip\u00f3tesis de \u201cincognoscibilidad\u201d jamesoniana, cuyo arquetipo es<em> Solaris<\/em>.<\/p>\n\n\n\n<p>En <em>Colony<\/em>, el relato comienza cuando la invasi\u00f3n ya sucedi\u00f3 hace cerca de un a\u00f1o y los ej\u00e9rcitos terrestres fueron arrasados sin la menor dificultad por unos invasores t\u00e9cnicamente muy superiores, en un inusual golpe al narcisismo militarista estadounidense (que sin embargo retornar\u00e1 parcialmente en la \u00faltima temporada). Pero la derrota no se muestra sino que apenas se ven sus consecuencias, con un mapa ciudadano en ruinas m\u00e1s all\u00e1 las peque\u00f1as islas urbanas protegidas dentro de unos inmensos muros met\u00e1licos que las convierten en gigantescas prisiones.<\/p>\n\n\n\n<p>La historia, entonces, es la de la colonizaci\u00f3n del planeta. Los aliens, que casi no se muestran (en una virtuosa administraci\u00f3n de la informaci\u00f3n y del suspenso), delegan la gesti\u00f3n de los enclaves coloniales en algunos seres humanos plenamente dispuestos a colaborar con la ocupaci\u00f3n en tanto puedan obtener algunos beneficios personales. La mirada del mundo pol\u00edtico es despiadada, con funcionarios dispuestos a ponerse al servicio del poder de turno sin que haya una sola disidencia. El realismo pol\u00edtico es total. Si no los pudimos vencer militarmente no queda otra que trabajar para ellos. No hay alternativa, querido rey. <\/p>\n\n\n\n<p>Aqu\u00ed aparece una cr\u00edtica a uno de los t\u00f3picos comunes de la ciencia ficci\u00f3n en el subg\u00e9nero invasi\u00f3n extraterrestre: que la amenaza alien\u00edgena lograr\u00eda que los gobiernos locales dejen de lado sus diferencias para reaccionar contra ella como una humanidad unificada. Nada de eso. Cada uno por s\u00ed mismo y Dios por todos. La Autoridad Provisional de la Colonia no est\u00e1 falta de candidatos para ninguna de sus \u00e1reas de intervenci\u00f3n, desde la brutal polic\u00eda militarizada de los <em>Red Hats<\/em> (curiosamente tambi\u00e9n identificados como <em>Homeland Security<\/em>, en un extra\u00f1o v\u00ednculo entre las fuerzas &nbsp;de Seguridad Nacional gringas y la ocupaci\u00f3n fascista) hasta los administradores civiles, pasando por los sectores sociales favorecidos que viven c\u00f3modamente en las zonas verde, mientras el resto de la poblaci\u00f3n sufre penurias de todo tipo.<\/p>\n\n\n\n<p>En cuanto a esto, un problema grave de la serie es que no piensa en absoluto el modo de producci\u00f3n de esa sociedad ocupada. Parece que en los enclaves coloniales la econom\u00eda siguiera funcionando sin problemas en modo capitalista. Si bien se hace menci\u00f3n al desabastecimiento o se muestran estrategias de supervivencia de trueque, nunca se piensa en la producci\u00f3n. Los personajes principales parecen sostener el modo de vida previo. Hay mec\u00e1nicos, polic\u00edas y bares, &nbsp;y parece haber dinero circulante a pesar de que ya no hay un Estado como tal que lo respalde. En esta instancia <em>Colony<\/em> pierde por goleada con ficciones como <em>Alien<\/em>, que en la pel\u00edcula original nos deja claro con una brev\u00edsima escena que nos encontramos en un futuro hipercapitalista donde las corporaciones juegan un rol cental. En <em>Colony<\/em> nadie se detuvo a pensar en esto. <\/p>\n\n\n\n<p>Las preocupaciones m\u00e1s evidentes de la serie tienen que ver con cuestiones pol\u00edticas y morales como el derecho a la resistencia ante la ocupaci\u00f3n, el lugar de la violencia, las l\u00f3gicas del autoritarismo, el manejo de la informaci\u00f3n y el adoctrinamiento en los reg\u00edmenes totalitarios, los l\u00edmites del terrorismo como estrategia de resistencia, la tensi\u00f3n entre salvaci\u00f3n individual y colaboraci\u00f3n, etc. Si bien aqu\u00ed hay algunas pinceladas interesantes, si queremos reflexiones en serio sobre el asunto nos conviene volver a ver <em>Gal\u00e1ctica<\/em>.<\/p>\n\n\n\n<p>Frantz Fanon explica en <em>Los condenados de la tierra<\/em>: \u201cEl mundo colonizado es un mundo cortado en dos. La l\u00ednea divisoria, la frontera est\u00e1 indicada por los cuarteles y las delegaciones de polic\u00eda. En las colonias, el interlocutor v\u00e1lido e institucional del colonizado, el vocero del colono y del r\u00e9gimen de opresi\u00f3n es el gendarme o el soldado. (\u2026) El intermediario del poder utiliza un lenguaje de pura violencia. (\u2026) El intermediario lleva la violencia a la casa y al cerebro del colonizado\u201d.<\/p>\n\n\n\n<p>Eso est\u00e1 muy bien y podr\u00eda ser perfectamente aplicable a la\nserie, pero la imagen hist\u00f3rica sobre la que se trabaja es mucho m\u00e1s claramente\nla de la Francia ocupada por el nazismo (algunas simbolog\u00edas son molestas en su\nobviedad) que la del colonialismo franc\u00e9s en Argelia o el de otras potencias \u201cdemocr\u00e1ticas\u201d\nen \u00c1frica o Am\u00e9rica latina. Por supuesto, es m\u00e1s f\u00e1cil concentrarse en la\ndicotom\u00eda democracia\/dictadura que hacerse cargo de los cr\u00edmenes coloniales de\nEstados Unidos o las potencias europeas.<\/p>\n\n\n\n<p>Sarah Wayne Callies (la insoportable Lori Grimes de <em>The walking dead<\/em>, aqu\u00ed tambi\u00e9n bastante insoportable), ratific\u00f3 en una conferencia de prensa la inspiraci\u00f3n en la Europa ocupada por el nazismo y agreg\u00f3: \u201cJuan Jos\u00e9 Campanella, que es el director de algunos cap\u00edtulos, creci\u00f3 en Argentina. Y todos sentimos que esta es una historia muy global. Espa\u00f1a sobrevivi\u00f3 a la dictadura de Franco. En Italia han tenido a Mussolini. En Corea del Norte se podr\u00eda decir que hay una dictadura. A la hora de hablar de la resistencia estamos hablando de Irlanda del Norte, de Sud\u00e1frica\u201d. Los gobiernos malos son siempre parte del \u201ceje del mal\u201d pasado o presente, nunca una democracia. Y s\u00ed, hablando de eje del mal, Campanella es uno de los productores ejecutivos de la serie y dirige varios episodios.<\/p>\n\n\n\n<p>Establecido que el problema de la explotaci\u00f3n colonial capitalista del \u201ctercer mundo\u201d no parece ser la preocupaci\u00f3n de fondo del programa, \u00bfporqu\u00e9 una serie estadounidense podr\u00eda venir a preocuparse hoy por el impacto de un brutal gobierno de ocupaci\u00f3n por sobre la ciudadan\u00eda indefensa de los pa\u00edses desarrollados? <\/p>\n\n\n\n<p>Tal vez podamos acercarnos un poco al meollo si pensamos en\nlos poderes que hoy dirigen al mundo casi como si se tratara de fuerzas de\nocupaci\u00f3n alien\u00edgenas, sin preocuparse por las masacres cotidianas de miles de\nseres humanos o por la misma sustentabilidad del planeta, cuya existencia est\u00e1\namenazada en el corto plazo por el colapso ecol\u00f3gico. Sin caer en teor\u00edas\nconspiranoicas como las del Nuevo Orden Mundial (algunos fans de la serie\nsosten\u00edan que su cancelaci\u00f3n se debi\u00f3 precisamente a su peligroso develamiento\nde estos secretos), podemos pensar en la relaci\u00f3n entre las violencias\nnecropol\u00edticas del neocolonialismo y estrategias como la del \u201cgobierno privado\nindirecto\u201d que describe el fil\u00f3sofo camerun\u00e9s Achile Mbemb\u00e9: \u201cEl gobierno\nprivado indirecto a nivel mundial es un movimiento hist\u00f3rico de las \u00e9lites que\naspira, en \u00faltima instancia, a abolir lo pol\u00edtico. Destruir todo espacio y todo\nrecurso -simb\u00f3lico y material- donde sea posible pensar e imaginar qu\u00e9 hacer\ncon el v\u00ednculo que nos une a los otros y a las generaciones que vienen despu\u00e9s\u201d.\n<\/p>\n\n\n\n<p>\u201cPara ello, se procede a trav\u00e9s de l\u00f3gicas de aislamiento\n-separaci\u00f3n entre pa\u00edses, clases, individuos entre s\u00ed- y de concentraciones de\ncapital all\u00ed donde se puede escapar a todo control democr\u00e1tico \u2013expatriaci\u00f3n de\nriquezas y capitales a para\u00edsos fiscales desregulados, etc. Este movimiento no\npuede prescindir del poder militar para asegurar su \u00e9xito: la protecci\u00f3n de la\npropiedad privada y la militarizaci\u00f3n son correlativos hoy en d\u00eda, hay que\nentenderlos como dos \u00e1mbitos de un mismo fen\u00f3meno\u201d, detalla nuestro amigo\nMbemb\u00e9. <\/p>\n\n\n\n<p>Despu\u00e9s de que la crisis econ\u00f3mica mundial de 2008 se resolviera con un rescate estatal a los bancos, del esc\u00e1ndalo internacional de los Panam\u00e1 Papers y de ver que el FMI vuelve a dictar las pol\u00edticas de varios pa\u00edses de Am\u00e9rica, con las criminales consecuencias que ya conocemos, podemos constatar que las nuevas invasiones coloniales viene de arriba, es cierto, pero no desde el espacio exterior.<\/p>\n","protected":false},"excerpt":{"rendered":"<div class=\"mh-excerpt\"><p>Lectura breve de Pedro Perucca sobre la serie Colony <a class=\"mh-excerpt-more\" href=\"https:\/\/sonambula.com.ar\/synco\/?p=997\" title=\"Colony: Los condenados de la Tierra\">[&#8230;]<\/a><\/p>\n<\/div>","protected":false},"author":3,"featured_media":998,"comment_status":"open","ping_status":"open","sticky":false,"template":"","format":"standard","meta":[],"categories":[5],"tags":[],"yoast_head":"<!-- This site is optimized with the Yoast SEO plugin v17.4 - https:\/\/yoast.com\/wordpress\/plugins\/seo\/ -->\n<title>Colony: Los condenados de la Tierra - Proyecto Synco<\/title>\n<meta name=\"robots\" content=\"index, follow, max-snippet:-1, max-image-preview:large, max-video-preview:-1\" \/>\n<link rel=\"canonical\" href=\"https:\/\/sonambula.com.ar\/synco\/?p=997\" \/>\n<meta property=\"og:locale\" content=\"es_ES\" \/>\n<meta property=\"og:type\" content=\"article\" \/>\n<meta property=\"og:title\" content=\"Colony: Los condenados de la Tierra - Proyecto Synco\" \/>\n<meta property=\"og:description\" content=\"Lectura breve de Pedro Perucca sobre la serie Colony [...]\" \/>\n<meta property=\"og:url\" content=\"https:\/\/sonambula.com.ar\/synco\/?p=997\" \/>\n<meta property=\"og:site_name\" content=\"Proyecto Synco\" \/>\n<meta property=\"article:published_time\" content=\"2019-10-15T22:13:43+00:00\" \/>\n<meta property=\"article:modified_time\" content=\"2019-10-17T03:17:31+00:00\" \/>\n<meta property=\"og:image\" content=\"https:\/\/sonambula.com.ar\/synco\/wp-content\/uploads\/2019\/10\/Colony.jpg\" \/>\n\t<meta property=\"og:image:width\" content=\"1296\" \/>\n\t<meta property=\"og:image:height\" content=\"730\" \/>\n<meta name=\"twitter:card\" content=\"summary_large_image\" \/>\n<meta name=\"twitter:label1\" content=\"Escrito por\" \/>\n\t<meta name=\"twitter:data1\" content=\"Pedro Perucca\" \/>\n\t<meta name=\"twitter:label2\" content=\"Tiempo de lectura\" \/>\n\t<meta name=\"twitter:data2\" content=\"10 minutos\" \/>\n<script type=\"application\/ld+json\" class=\"yoast-schema-graph\">{\"@context\":\"https:\/\/schema.org\",\"@graph\":[{\"@type\":\"WebSite\",\"@id\":\"https:\/\/sonambula.com.ar\/synco\/#website\",\"url\":\"https:\/\/sonambula.com.ar\/synco\/\",\"name\":\"Proyecto Synco\",\"description\":\"Observatorio de ciencia ficci\\u00f3n, tecnolog\\u00eda y futuros\",\"potentialAction\":[{\"@type\":\"SearchAction\",\"target\":{\"@type\":\"EntryPoint\",\"urlTemplate\":\"https:\/\/sonambula.com.ar\/synco\/?s={search_term_string}\"},\"query-input\":\"required name=search_term_string\"}],\"inLanguage\":\"es\"},{\"@type\":\"ImageObject\",\"@id\":\"https:\/\/sonambula.com.ar\/synco\/?p=997#primaryimage\",\"inLanguage\":\"es\",\"url\":\"https:\/\/sonambula.com.ar\/synco\/wp-content\/uploads\/2019\/10\/Colony.jpg\",\"contentUrl\":\"https:\/\/sonambula.com.ar\/synco\/wp-content\/uploads\/2019\/10\/Colony.jpg\",\"width\":1296,\"height\":730},{\"@type\":\"WebPage\",\"@id\":\"https:\/\/sonambula.com.ar\/synco\/?p=997#webpage\",\"url\":\"https:\/\/sonambula.com.ar\/synco\/?p=997\",\"name\":\"Colony: Los condenados de la Tierra - Proyecto Synco\",\"isPartOf\":{\"@id\":\"https:\/\/sonambula.com.ar\/synco\/#website\"},\"primaryImageOfPage\":{\"@id\":\"https:\/\/sonambula.com.ar\/synco\/?p=997#primaryimage\"},\"datePublished\":\"2019-10-15T22:13:43+00:00\",\"dateModified\":\"2019-10-17T03:17:31+00:00\",\"author\":{\"@id\":\"https:\/\/sonambula.com.ar\/synco\/#\/schema\/person\/67bd7149f8dfb53bcc6b0af75b5e2b4d\"},\"breadcrumb\":{\"@id\":\"https:\/\/sonambula.com.ar\/synco\/?p=997#breadcrumb\"},\"inLanguage\":\"es\",\"potentialAction\":[{\"@type\":\"ReadAction\",\"target\":[\"https:\/\/sonambula.com.ar\/synco\/?p=997\"]}]},{\"@type\":\"BreadcrumbList\",\"@id\":\"https:\/\/sonambula.com.ar\/synco\/?p=997#breadcrumb\",\"itemListElement\":[{\"@type\":\"ListItem\",\"position\":1,\"name\":\"Portada\",\"item\":\"https:\/\/sonambula.com.ar\/synco\/\"},{\"@type\":\"ListItem\",\"position\":2,\"name\":\"Colony: Los condenados de la Tierra\"}]},{\"@type\":\"Person\",\"@id\":\"https:\/\/sonambula.com.ar\/synco\/#\/schema\/person\/67bd7149f8dfb53bcc6b0af75b5e2b4d\",\"name\":\"Pedro Perucca\",\"image\":{\"@type\":\"ImageObject\",\"@id\":\"https:\/\/sonambula.com.ar\/synco\/#personlogo\",\"inLanguage\":\"es\",\"url\":\"https:\/\/secure.gravatar.com\/avatar\/708534801603ea58caafa49edfdd1d5a?s=96&d=mm&r=g\",\"contentUrl\":\"https:\/\/secure.gravatar.com\/avatar\/708534801603ea58caafa49edfdd1d5a?s=96&d=mm&r=g\",\"caption\":\"Pedro Perucca\"},\"url\":\"https:\/\/sonambula.com.ar\/synco\/?author=3\"}]}<\/script>\n<!-- \/ Yoast SEO plugin. -->","yoast_head_json":{"title":"Colony: Los condenados de la Tierra - Proyecto Synco","robots":{"index":"index","follow":"follow","max-snippet":"max-snippet:-1","max-image-preview":"max-image-preview:large","max-video-preview":"max-video-preview:-1"},"canonical":"https:\/\/sonambula.com.ar\/synco\/?p=997","og_locale":"es_ES","og_type":"article","og_title":"Colony: Los condenados de la Tierra - Proyecto Synco","og_description":"Lectura breve de Pedro Perucca sobre la serie Colony [...]","og_url":"https:\/\/sonambula.com.ar\/synco\/?p=997","og_site_name":"Proyecto Synco","article_published_time":"2019-10-15T22:13:43+00:00","article_modified_time":"2019-10-17T03:17:31+00:00","og_image":[{"width":1296,"height":730,"url":"https:\/\/sonambula.com.ar\/synco\/wp-content\/uploads\/2019\/10\/Colony.jpg","type":"image\/jpeg"}],"twitter_card":"summary_large_image","twitter_misc":{"Escrito por":"Pedro Perucca","Tiempo de lectura":"10 minutos"},"schema":{"@context":"https:\/\/schema.org","@graph":[{"@type":"WebSite","@id":"https:\/\/sonambula.com.ar\/synco\/#website","url":"https:\/\/sonambula.com.ar\/synco\/","name":"Proyecto Synco","description":"Observatorio de ciencia ficci\u00f3n, tecnolog\u00eda y futuros","potentialAction":[{"@type":"SearchAction","target":{"@type":"EntryPoint","urlTemplate":"https:\/\/sonambula.com.ar\/synco\/?s={search_term_string}"},"query-input":"required name=search_term_string"}],"inLanguage":"es"},{"@type":"ImageObject","@id":"https:\/\/sonambula.com.ar\/synco\/?p=997#primaryimage","inLanguage":"es","url":"https:\/\/sonambula.com.ar\/synco\/wp-content\/uploads\/2019\/10\/Colony.jpg","contentUrl":"https:\/\/sonambula.com.ar\/synco\/wp-content\/uploads\/2019\/10\/Colony.jpg","width":1296,"height":730},{"@type":"WebPage","@id":"https:\/\/sonambula.com.ar\/synco\/?p=997#webpage","url":"https:\/\/sonambula.com.ar\/synco\/?p=997","name":"Colony: Los condenados de la Tierra - Proyecto Synco","isPartOf":{"@id":"https:\/\/sonambula.com.ar\/synco\/#website"},"primaryImageOfPage":{"@id":"https:\/\/sonambula.com.ar\/synco\/?p=997#primaryimage"},"datePublished":"2019-10-15T22:13:43+00:00","dateModified":"2019-10-17T03:17:31+00:00","author":{"@id":"https:\/\/sonambula.com.ar\/synco\/#\/schema\/person\/67bd7149f8dfb53bcc6b0af75b5e2b4d"},"breadcrumb":{"@id":"https:\/\/sonambula.com.ar\/synco\/?p=997#breadcrumb"},"inLanguage":"es","potentialAction":[{"@type":"ReadAction","target":["https:\/\/sonambula.com.ar\/synco\/?p=997"]}]},{"@type":"BreadcrumbList","@id":"https:\/\/sonambula.com.ar\/synco\/?p=997#breadcrumb","itemListElement":[{"@type":"ListItem","position":1,"name":"Portada","item":"https:\/\/sonambula.com.ar\/synco\/"},{"@type":"ListItem","position":2,"name":"Colony: Los condenados de la Tierra"}]},{"@type":"Person","@id":"https:\/\/sonambula.com.ar\/synco\/#\/schema\/person\/67bd7149f8dfb53bcc6b0af75b5e2b4d","name":"Pedro Perucca","image":{"@type":"ImageObject","@id":"https:\/\/sonambula.com.ar\/synco\/#personlogo","inLanguage":"es","url":"https:\/\/secure.gravatar.com\/avatar\/708534801603ea58caafa49edfdd1d5a?s=96&d=mm&r=g","contentUrl":"https:\/\/secure.gravatar.com\/avatar\/708534801603ea58caafa49edfdd1d5a?s=96&d=mm&r=g","caption":"Pedro Perucca"},"url":"https:\/\/sonambula.com.ar\/synco\/?author=3"}]}},"_links":{"self":[{"href":"https:\/\/sonambula.com.ar\/synco\/index.php?rest_route=\/wp\/v2\/posts\/997"}],"collection":[{"href":"https:\/\/sonambula.com.ar\/synco\/index.php?rest_route=\/wp\/v2\/posts"}],"about":[{"href":"https:\/\/sonambula.com.ar\/synco\/index.php?rest_route=\/wp\/v2\/types\/post"}],"author":[{"embeddable":true,"href":"https:\/\/sonambula.com.ar\/synco\/index.php?rest_route=\/wp\/v2\/users\/3"}],"replies":[{"embeddable":true,"href":"https:\/\/sonambula.com.ar\/synco\/index.php?rest_route=%2Fwp%2Fv2%2Fcomments&post=997"}],"version-history":[{"count":19,"href":"https:\/\/sonambula.com.ar\/synco\/index.php?rest_route=\/wp\/v2\/posts\/997\/revisions"}],"predecessor-version":[{"id":1019,"href":"https:\/\/sonambula.com.ar\/synco\/index.php?rest_route=\/wp\/v2\/posts\/997\/revisions\/1019"}],"wp:featuredmedia":[{"embeddable":true,"href":"https:\/\/sonambula.com.ar\/synco\/index.php?rest_route=\/wp\/v2\/media\/998"}],"wp:attachment":[{"href":"https:\/\/sonambula.com.ar\/synco\/index.php?rest_route=%2Fwp%2Fv2%2Fmedia&parent=997"}],"wp:term":[{"taxonomy":"category","embeddable":true,"href":"https:\/\/sonambula.com.ar\/synco\/index.php?rest_route=%2Fwp%2Fv2%2Fcategories&post=997"},{"taxonomy":"post_tag","embeddable":true,"href":"https:\/\/sonambula.com.ar\/synco\/index.php?rest_route=%2Fwp%2Fv2%2Ftags&post=997"}],"curies":[{"name":"wp","href":"https:\/\/api.w.org\/{rel}","templated":true}]}}